{"id":4249,"date":"2018-12-18T16:59:46","date_gmt":"2018-12-18T16:59:46","guid":{"rendered":"http:\/\/www.emco.mil.cl\/?p=4249"},"modified":"2021-09-28T14:25:44","modified_gmt":"2021-09-28T17:25:44","slug":"taller-de-asistencia-humanitaria-y-ayuda-en-desastres-en-el-ambito-de-la-defensa-2","status":"publish","type":"post","link":"https:\/\/www.emco.mil.cl\/index.php\/2018\/12\/18\/taller-de-asistencia-humanitaria-y-ayuda-en-desastres-en-el-ambito-de-la-defensa-2\/","title":{"rendered":"Taller de Asistencia Humanitaria y Ayuda en desastres en el \u00e1mbito de la Defensa"},"content":{"rendered":"<p><span style=\"font-size: 10pt;\">Entre el 10 y 14 de diciembre, en el Comando Sur de los Estados Unidos (SOUTHCOM), en Florida, EE.UU., se llev\u00f3 a cabo el \u201cII taller sobre Asistencia Humanitaria y Ayuda en Desastres en el \u00e1mbito de la Defensa\u201d, actividad organizado por la Subsecretar\u00eda de Defensa y el Estado Mayor Conjunto de Chile, delegaci\u00f3n comandada por el Director de Operaciones y Conducci\u00f3n Conjunta (DOPCON), Contralmirante Luis S\u00e1nchez P\u00e9rez y cont\u00f3 con la participaci\u00f3n de personal del EMCO y de la Subsecretar\u00eda.<\/span><\/p>\n<p><span style=\"font-size: 10pt;\">Este segundo taller, estuvo orientado a promover la contribuci\u00f3n de las Fuerzas Armadas de Chile al Sistema Nacional de Protecci\u00f3n Civil, su organizaci\u00f3n, empleo, capacidades, experiencias, evoluci\u00f3n y lecciones aprendidas, con el objeto de comparar sistemas y mejorar la eficiencia de estos. De esta manera, se superaron las expectativas y resultados del primer taller que se llev\u00f3 a cabo en Panam\u00e1 el a\u00f1o pasado, explorando las funciones y capacidades de distintos organismos regionales e internacionales, para responder a una cat\u00e1strofe o desastre humanitario. As\u00ed como los procedimientos de coordinaci\u00f3n entre las Fuerzas Armadas y las Fuerzas de Seguridad, a trav\u00e9s de acuerdos multinacionales.<\/span><\/p>\n<p><span style=\"font-size: 10pt;\">Esta actividad se realiza en marco del Programa de Cooperaci\u00f3n de Defensa para Centroam\u00e9rica y El Caribe (PCDCAC) y cont\u00f3 con la participaci\u00f3n de representantes de Antigua, Barbados, Belice, Canad\u00e1, Chile, Colombia, Costa Rica, EE.UU., El Salvador, Francia, Guatemala, Honduras, Jamaica, M\u00e9xico, Panam\u00e1, Rep\u00fablica Dominicana&nbsp; y Trinidad y Tobago, adem\u00e1s de organizaciones regionales como la Conferencia de las Fuerzas Armadas de Centroam\u00e9rica (CFAC), Agencia de Manejo de Emergencias para Desastres del Caribe (CDEMA) y el Centro de Coordinaci\u00f3n para la Prevenci\u00f3n de los Desastres en Am\u00e9rica Central y Rep\u00fablica Dominicana (CEPREDENAC), entre otras.<\/span><\/p>\n<p><a href=\"https:\/\/www.emco.mil.cl\/wp-content\/uploads\/1-49.jpg\"><img fetchpriority=\"high\" decoding=\"async\" class=\"aligncenter size-full wp-image-4250\" src=\"https:\/\/www.emco.mil.cl\/wp-content\/uploads\/1-49.jpg\" alt=\"1\" width=\"620\" height=\"413\"><\/a><\/p>\n","protected":false},"excerpt":{"rendered":"<p>Entre el 10 y 14 de diciembre, en el Comando Sur de los Estados Unidos (SOUTHCOM), en Florida, EE.UU., se llev\u00f3 a cabo el \u201cII taller sobre Asistencia Humanitaria y Ayuda en Desastres en el \u00e1mbito de la Defensa\u201d, actividad organizado por la Subsecretar\u00eda de Defensa y el Estado Mayor Conjunto de Chile, delegaci\u00f3n comandada&#8230;<\/p>\n","protected":false},"author":4,"featured_media":5823,"comment_status":"closed","ping_status":"closed","sticky":false,"template":"","format":"standard","meta":{"_kad_post_transparent":"","_kad_post_title":"","_kad_post_layout":"","_kad_post_sidebar_id":"","_kad_post_content_style":"","_kad_post_vertical_padding":"","_kad_post_feature":"","_kad_post_feature_position":"","_kad_post_header":false,"_kad_post_footer":false,"footnotes":""},"categories":[17,3],"tags":[],"class_list":["post-4249","post","type-post","status-publish","format-standard","has-post-thumbnail","hentry","category-17","category-noticias"],"_links":{"self":[{"href":"https:\/\/www.emco.mil.cl\/index.php\/wp-json\/wp\/v2\/posts\/4249","targetHints":{"allow":["GET"]}}],"collection":[{"href":"https:\/\/www.emco.mil.cl\/index.php\/wp-json\/wp\/v2\/posts"}],"about":[{"href":"https:\/\/www.emco.mil.cl\/index.php\/wp-json\/wp\/v2\/types\/post"}],"author":[{"embeddable":true,"href":"https:\/\/www.emco.mil.cl\/index.php\/wp-json\/wp\/v2\/users\/4"}],"replies":[{"embeddable":true,"href":"https:\/\/www.emco.mil.cl\/index.php\/wp-json\/wp\/v2\/comments?post=4249"}],"version-history":[{"count":1,"href":"https:\/\/www.emco.mil.cl\/index.php\/wp-json\/wp\/v2\/posts\/4249\/revisions"}],"predecessor-version":[{"id":6015,"href":"https:\/\/www.emco.mil.cl\/index.php\/wp-json\/wp\/v2\/posts\/4249\/revisions\/6015"}],"wp:featuredmedia":[{"embeddable":true,"href":"https:\/\/www.emco.mil.cl\/index.php\/wp-json\/wp\/v2\/media\/5823"}],"wp:attachment":[{"href":"https:\/\/www.emco.mil.cl\/index.php\/wp-json\/wp\/v2\/media?parent=4249"}],"wp:term":[{"taxonomy":"category","embeddable":true,"href":"https:\/\/www.emco.mil.cl\/index.php\/wp-json\/wp\/v2\/categories?post=4249"},{"taxonomy":"post_tag","embeddable":true,"href":"https:\/\/www.emco.mil.cl\/index.php\/wp-json\/wp\/v2\/tags?post=4249"}],"curies":[{"name":"wp","href":"https:\/\/api.w.org\/{rel}","templated":true}]}}