{"id":4240,"date":"2018-12-14T14:48:21","date_gmt":"2018-12-14T14:48:21","guid":{"rendered":"http:\/\/www.emco.mil.cl\/?p=4240"},"modified":"2021-09-28T14:26:09","modified_gmt":"2021-09-28T17:26:09","slug":"asume-nuevo-subjefe-del-estado-mayor-conjunto","status":"publish","type":"post","link":"https:\/\/www.emco.mil.cl\/index.php\/2018\/12\/14\/asume-nuevo-subjefe-del-estado-mayor-conjunto\/","title":{"rendered":"Asume nuevo Subjefe del Estado Mayor Conjunto"},"content":{"rendered":"<p><span style=\"font-size: 10pt;\">Esta ma\u00f1ana, en una ceremonia interna encabezada por el Jefe del Estado Mayor Conjunto, Vicealmirante Rodrigo \u00c1lvarez Aguirre, se procedi\u00f3 al cambio de mando de la Subjefatura del Estado Mayor Conjunto, la que fue asumida por General de Brigada (A) Albert Widmer Thomas.<\/span><\/p>\n<p><a href=\"https:\/\/www.emco.mil.cl\/wp-content\/uploads\/2-49.jpg\"><img fetchpriority=\"high\" decoding=\"async\" class=\"aligncenter size-full wp-image-4242\" src=\"https:\/\/www.emco.mil.cl\/wp-content\/uploads\/2-49.jpg\" alt=\"2\" width=\"623\" height=\"413\"><\/a><\/p>\n<p><span style=\"font-size: 10pt;\">El nuevo Subjefe del Estado Mayor Conjunto se desempe\u00f1ar\u00e1 dirigiendo y desarrollando la gesti\u00f3n y supervisi\u00f3n administrativa interna del Estado Mayor Conjunto, tambi\u00e9n ser\u00e1 el Secretario de la Junta de Comandantes en Jefe, el Comandante de la Unidad de Cuartel General del EMCO, &nbsp;e integrar\u00e1 los comit\u00e9s de trabajo y consejos del Ministerio que se dispongan, entre otras funciones.&nbsp;&nbsp;&nbsp;&nbsp;&nbsp;&nbsp;&nbsp;&nbsp;&nbsp;&nbsp;&nbsp;<\/span><\/p>\n<p><span style=\"font-size: 10pt;\">El General Widmer pertenece al Escalaf\u00f3n del Aire de la Fuerza A\u00e9rea de Chile, con m\u00e1s de 4.100 horas de vuelo, principalmente en el \u00e1rea de combate y de instrucci\u00f3n.<\/span><\/p>\n<p><span style=\"font-size: 10pt;\">Entre sus cargos destaca haber sido Comandante del Grupo de Aviaci\u00f3n N\u00ba 4; Subdirector de la Escuela de Aviaci\u00f3n; Comandante de la Agrupaci\u00f3n de Helic\u00f3pteros de la MINUSTAH, en Hait\u00ed; Jefe del Estado Mayor del Comando de Personal; Agregado de Defensa y A\u00e9reo en Israel; Jefe del Estado Mayor del Comando de Combate, Director de Operaciones y Comandante en Jefe de la I\u00aa Brigada A\u00e9rea.<\/span><\/p>\n<p><span style=\"font-size: 10pt;\">Es Oficial de Estado Mayor de la Academia de Guerra A\u00e9rea y de la Academia de Guerra Naval; Ingeniero de Ejecuci\u00f3n en Sistemas Aeron\u00e1uticos de la Academia de Guerra A\u00e9rea; Profesor Militar de Academia, menci\u00f3n Inteligencia, de la Academia de Guerra A\u00e9rea y Diplomado de Operaciones de Paz de la Academia de Guerra Naval.<\/span><\/p>\n<p><a href=\"https:\/\/www.emco.mil.cl\/wp-content\/uploads\/1-48.jpg\"><img decoding=\"async\" class=\"aligncenter size-full wp-image-4241\" src=\"https:\/\/www.emco.mil.cl\/wp-content\/uploads\/1-48.jpg\" alt=\"1\" width=\"623\" height=\"413\"><\/a><\/p>\n","protected":false},"excerpt":{"rendered":"<p>Esta ma\u00f1ana, en una ceremonia interna encabezada por el Jefe del Estado Mayor Conjunto, Vicealmirante Rodrigo \u00c1lvarez Aguirre, se procedi\u00f3 al cambio de mando de la Subjefatura del Estado Mayor Conjunto, la que fue asumida por General de Brigada (A) Albert Widmer Thomas. El nuevo Subjefe del Estado Mayor Conjunto se desempe\u00f1ar\u00e1 dirigiendo y desarrollando&#8230;<\/p>\n","protected":false},"author":4,"featured_media":5823,"comment_status":"closed","ping_status":"closed","sticky":false,"template":"","format":"standard","meta":{"_kad_post_transparent":"","_kad_post_title":"","_kad_post_layout":"","_kad_post_sidebar_id":"","_kad_post_content_style":"","_kad_post_vertical_padding":"","_kad_post_feature":"","_kad_post_feature_position":"","_kad_post_header":false,"_kad_post_footer":false,"footnotes":""},"categories":[17,3],"tags":[],"class_list":["post-4240","post","type-post","status-publish","format-standard","has-post-thumbnail","hentry","category-17","category-noticias"],"_links":{"self":[{"href":"https:\/\/www.emco.mil.cl\/index.php\/wp-json\/wp\/v2\/posts\/4240","targetHints":{"allow":["GET"]}}],"collection":[{"href":"https:\/\/www.emco.mil.cl\/index.php\/wp-json\/wp\/v2\/posts"}],"about":[{"href":"https:\/\/www.emco.mil.cl\/index.php\/wp-json\/wp\/v2\/types\/post"}],"author":[{"embeddable":true,"href":"https:\/\/www.emco.mil.cl\/index.php\/wp-json\/wp\/v2\/users\/4"}],"replies":[{"embeddable":true,"href":"https:\/\/www.emco.mil.cl\/index.php\/wp-json\/wp\/v2\/comments?post=4240"}],"version-history":[{"count":1,"href":"https:\/\/www.emco.mil.cl\/index.php\/wp-json\/wp\/v2\/posts\/4240\/revisions"}],"predecessor-version":[{"id":6016,"href":"https:\/\/www.emco.mil.cl\/index.php\/wp-json\/wp\/v2\/posts\/4240\/revisions\/6016"}],"wp:featuredmedia":[{"embeddable":true,"href":"https:\/\/www.emco.mil.cl\/index.php\/wp-json\/wp\/v2\/media\/5823"}],"wp:attachment":[{"href":"https:\/\/www.emco.mil.cl\/index.php\/wp-json\/wp\/v2\/media?parent=4240"}],"wp:term":[{"taxonomy":"category","embeddable":true,"href":"https:\/\/www.emco.mil.cl\/index.php\/wp-json\/wp\/v2\/categories?post=4240"},{"taxonomy":"post_tag","embeddable":true,"href":"https:\/\/www.emco.mil.cl\/index.php\/wp-json\/wp\/v2\/tags?post=4240"}],"curies":[{"name":"wp","href":"https:\/\/api.w.org\/{rel}","templated":true}]}}