{"id":3373,"date":"2018-02-16T15:14:25","date_gmt":"2018-02-16T15:14:25","guid":{"rendered":"http:\/\/www.emco.mil.cl\/?p=3373"},"modified":"2021-09-28T15:02:56","modified_gmt":"2021-09-28T18:02:56","slug":"despedida-contingente-chileno-a-mision-de-paz-en-chipre","status":"publish","type":"post","link":"https:\/\/www.emco.mil.cl\/index.php\/2018\/02\/16\/despedida-contingente-chileno-a-mision-de-paz-en-chipre\/","title":{"rendered":"Despedida contingente chileno a Misi\u00f3n de Paz en Chipre"},"content":{"rendered":"<p>Esta ma\u00f1ana, en la Direcci\u00f3n de Operaciones y Conducci\u00f3n Conjunta (DOPCON) del EMCO, el Coronel Marcelo Montesinos De Ugarte recibi\u00f3 a Oficiales de Ej\u00e9rcito y Armada, Personal de Cuadro Permanente y Gente de Mar, quienes se desplazar\u00e1n para integrarse a la <strong>Fuerza de las Naciones Unidas para el Mantenimiento de la Paz en Chipre<\/strong>, tambi\u00e9n conocida como <strong>UNFICYP.<\/strong><\/p>\n<p><a href=\"https:\/\/www.emco.mil.cl\/wp-content\/uploads\/Coronel-Montesinos-junto-a-contingente-del-Ej\u00e9rcito-y-Armada.jpg\"><img fetchpriority=\"high\" decoding=\"async\" class=\"aligncenter size-large wp-image-3376\" src=\"https:\/\/www.emco.mil.cl\/wp-content\/uploads\/Coronel-Montesinos-junto-a-contingente-del-Ej\u00e9rcito-y-Armada.jpg\" alt=\"Coronel Montesinos junto a contingente del Ej\u00e9rcito y Armada\" width=\"620\" height=\"413\"><\/a><\/p>\n<p>En un inicio, el contingente chileno tendr\u00e1 un entrenamiento combinado con militares argentinos, para luego incorporarse a la Fuerza de Tarea Argentina en la isla del Mediterr\u00e1neo oriental.<\/p>\n<p><strong><em>\u201cVamos a mantener la t\u00f3nica institucional que hemos seguido a lo largo de casi 15 a\u00f1os de participaci\u00f3n de Chile en esta misi\u00f3n, con un alto est\u00e1ndar de profesionalismo y manteniendo los m\u00e1s altos valores exigidos por Naciones Unidas para el desempe\u00f1o de los Peacekeepers en el \u00e1rea. Cabe destacar que Chipre es una isla legendaria, por donde han pasado civilizaciones y culturas antiguas, lo cual nos enriquece como personas y obviamente como militares\u201d,<\/em><\/strong> coment\u00f3 el Teniente 2\u00b0 Infante de Marina Friedrich Von der Weth Pettinelli.<\/p>\n<p>A pesar que la misi\u00f3n lleva muchos a\u00f1os, nuestro pa\u00eds comenz\u00f3 su participaci\u00f3n en 1999, cuando el diplom\u00e1tico chileno James Holger Blair fue Jefe de la Misi\u00f3n por un a\u00f1o. Luego, en 2001, se envi\u00f3 un Teniente 1\u00ba Infante de Marina para trabajar en la Plana Mayor de la Fuerza de Tarea Argentina. El contingente argentino cubre un tercio de la \u201cZona de Amortiguaci\u00f3n\u201d y, desde el a\u00f1o 2003, producto de los acuerdos de confianza mutua, entre Chile y Argentina, se dispuso el despliegue de una Fuerza Militar Conjunta Combinada.<\/p>\n<p>El contingente chileno que participa en esta misi\u00f3n est\u00e1 constituido por catorce hombres, siete del Ej\u00e9rcito y siete de la Armada.<\/p>\n<p><a href=\"https:\/\/www.emco.mil.cl\/wp-content\/uploads\/Coningente-chileno.jpg\"><img decoding=\"async\" class=\"aligncenter size-full wp-image-3375\" src=\"https:\/\/www.emco.mil.cl\/wp-content\/uploads\/Coningente-chileno.jpg\" alt=\"Coningente chileno\" width=\"620\" height=\"413\"><\/a><\/p>\n","protected":false},"excerpt":{"rendered":"<p>Esta ma\u00f1ana, en la Direcci\u00f3n de Operaciones y Conducci\u00f3n Conjunta (DOPCON) del EMCO, el Coronel Marcelo Montesinos De Ugarte recibi\u00f3 a Oficiales de Ej\u00e9rcito y Armada, Personal de Cuadro Permanente y Gente de Mar, quienes se desplazar\u00e1n para integrarse a la Fuerza de las Naciones Unidas para el Mantenimiento de la Paz en Chipre, tambi\u00e9n&#8230;<\/p>\n","protected":false},"author":6,"featured_media":5823,"comment_status":"closed","ping_status":"closed","sticky":false,"template":"","format":"standard","meta":{"_kad_post_transparent":"","_kad_post_title":"","_kad_post_layout":"","_kad_post_sidebar_id":"","_kad_post_content_style":"","_kad_post_vertical_padding":"","_kad_post_feature":"","_kad_post_feature_position":"","_kad_post_header":false,"_kad_post_footer":false,"footnotes":""},"categories":[17,3],"tags":[],"class_list":["post-3373","post","type-post","status-publish","format-standard","has-post-thumbnail","hentry","category-17","category-noticias"],"_links":{"self":[{"href":"https:\/\/www.emco.mil.cl\/index.php\/wp-json\/wp\/v2\/posts\/3373","targetHints":{"allow":["GET"]}}],"collection":[{"href":"https:\/\/www.emco.mil.cl\/index.php\/wp-json\/wp\/v2\/posts"}],"about":[{"href":"https:\/\/www.emco.mil.cl\/index.php\/wp-json\/wp\/v2\/types\/post"}],"author":[{"embeddable":true,"href":"https:\/\/www.emco.mil.cl\/index.php\/wp-json\/wp\/v2\/users\/6"}],"replies":[{"embeddable":true,"href":"https:\/\/www.emco.mil.cl\/index.php\/wp-json\/wp\/v2\/comments?post=3373"}],"version-history":[{"count":2,"href":"https:\/\/www.emco.mil.cl\/index.php\/wp-json\/wp\/v2\/posts\/3373\/revisions"}],"predecessor-version":[{"id":6065,"href":"https:\/\/www.emco.mil.cl\/index.php\/wp-json\/wp\/v2\/posts\/3373\/revisions\/6065"}],"wp:featuredmedia":[{"embeddable":true,"href":"https:\/\/www.emco.mil.cl\/index.php\/wp-json\/wp\/v2\/media\/5823"}],"wp:attachment":[{"href":"https:\/\/www.emco.mil.cl\/index.php\/wp-json\/wp\/v2\/media?parent=3373"}],"wp:term":[{"taxonomy":"category","embeddable":true,"href":"https:\/\/www.emco.mil.cl\/index.php\/wp-json\/wp\/v2\/categories?post=3373"},{"taxonomy":"post_tag","embeddable":true,"href":"https:\/\/www.emco.mil.cl\/index.php\/wp-json\/wp\/v2\/tags?post=3373"}],"curies":[{"name":"wp","href":"https:\/\/api.w.org\/{rel}","templated":true}]}}