{"id":3365,"date":"2018-02-08T18:43:33","date_gmt":"2018-02-08T18:43:33","guid":{"rendered":"http:\/\/www.emco.mil.cl\/?p=3365"},"modified":"2021-09-28T15:02:29","modified_gmt":"2021-09-28T18:02:29","slug":"regreso-de-observadores-chilenos-de-mision-politica-especial-en-colombia","status":"publish","type":"post","link":"https:\/\/www.emco.mil.cl\/index.php\/2018\/02\/08\/regreso-de-observadores-chilenos-de-mision-politica-especial-en-colombia\/","title":{"rendered":"Regreso de observadores chilenos de Misi\u00f3n Pol\u00edtica Especial en Colombia"},"content":{"rendered":"<p>&nbsp;<\/p>\n<p>En dependencias de la Direcci\u00f3n de Operaciones y Conducci\u00f3n Conjunta (DOPCON) del Estado Mayor Conjunto, el Capit\u00e1n de Nav\u00edo Rodrigo Raddatz Fuentes, recibi\u00f3 a 9 oficiales que regresaron a Chile desde la Misi\u00f3n Pol\u00edtica Especial de las Naciones Unidas en Colombia, donde se desempe\u00f1aron durante 6 meses como observadores internacionales.<\/p>\n<p><a href=\"https:\/\/www.emco.mil.cl\/wp-content\/uploads\/CN-Rodrigo-Raddarz-saludo-a-oficiales-chilenos-de-la-MPE-Colombia.jpg\"><img fetchpriority=\"high\" decoding=\"async\" class=\"aligncenter size-full wp-image-3366\" src=\"https:\/\/www.emco.mil.cl\/wp-content\/uploads\/CN-Rodrigo-Raddarz-saludo-a-oficiales-chilenos-de-la-MPE-Colombia.jpg\" alt=\"CN Rodrigo Raddarz saludo a oficiales chilenos de la MPE Colombia\" width=\"620\" height=\"413\"><\/a><\/p>\n<p><strong><em>\u201cTrabajamos para hacer visible lo invisible. Todas las faltas o transgresiones al cese del fuego, lo manifest\u00e1bamos a trav\u00e9s de informes que se elevaban a nivel nacional y luego a la mesa de dialogo, donde se analizaban y ve\u00edan si exist\u00eda o no alguna infracci\u00f3n al cese. Fue duro, pero fue una muy buena experiencia trabajar por la paz\u201d,<\/em><\/strong> coment\u00f3 el Comandante de Escuadrilla de la FACh, Rub\u00e9n Collantes Bucarey.<\/p>\n<p><a href=\"https:\/\/www.emco.mil.cl\/wp-content\/uploads\/Reuni\u00f3n-oficiales-en-DOPCON-1.jpg\"><img decoding=\"async\" class=\"aligncenter size-full wp-image-3368\" src=\"https:\/\/www.emco.mil.cl\/wp-content\/uploads\/Reuni\u00f3n-oficiales-en-DOPCON-1.jpg\" alt=\"Reuni\u00f3n oficiales en DOPCON 1\" width=\"620\" height=\"413\"><\/a><\/p>\n<p>El principal foco de esta misi\u00f3n es supervigilar el proceso de reincorporaci\u00f3n pol\u00edtica, econ\u00f3mica y social de las FARC-EP, adem\u00e1s de verificar el cumplimiento del alto al fuego bilateral, temporal y nacional con el Ej\u00e9rcito de Liberaci\u00f3n Nacional (ELN) en los niveles nacional, regional y local, y prevenir incidentes mediante una coordinaci\u00f3n estrecha entre las partes y la soluci\u00f3n de los desacuerdos, entre otras.<\/p>\n","protected":false},"excerpt":{"rendered":"<p>&nbsp; En dependencias de la Direcci\u00f3n de Operaciones y Conducci\u00f3n Conjunta (DOPCON) del Estado Mayor Conjunto, el Capit\u00e1n de Nav\u00edo Rodrigo Raddatz Fuentes, recibi\u00f3 a 9 oficiales que regresaron a Chile desde la Misi\u00f3n Pol\u00edtica Especial de las Naciones Unidas en Colombia, donde se desempe\u00f1aron durante 6 meses como observadores internacionales. \u201cTrabajamos para hacer visible&#8230;<\/p>\n","protected":false},"author":6,"featured_media":5823,"comment_status":"closed","ping_status":"closed","sticky":false,"template":"","format":"standard","meta":{"_kad_post_transparent":"","_kad_post_title":"","_kad_post_layout":"","_kad_post_sidebar_id":"","_kad_post_content_style":"","_kad_post_vertical_padding":"","_kad_post_feature":"","_kad_post_feature_position":"","_kad_post_header":false,"_kad_post_footer":false,"footnotes":""},"categories":[17,3],"tags":[],"class_list":["post-3365","post","type-post","status-publish","format-standard","has-post-thumbnail","hentry","category-17","category-noticias"],"_links":{"self":[{"href":"https:\/\/www.emco.mil.cl\/index.php\/wp-json\/wp\/v2\/posts\/3365","targetHints":{"allow":["GET"]}}],"collection":[{"href":"https:\/\/www.emco.mil.cl\/index.php\/wp-json\/wp\/v2\/posts"}],"about":[{"href":"https:\/\/www.emco.mil.cl\/index.php\/wp-json\/wp\/v2\/types\/post"}],"author":[{"embeddable":true,"href":"https:\/\/www.emco.mil.cl\/index.php\/wp-json\/wp\/v2\/users\/6"}],"replies":[{"embeddable":true,"href":"https:\/\/www.emco.mil.cl\/index.php\/wp-json\/wp\/v2\/comments?post=3365"}],"version-history":[{"count":2,"href":"https:\/\/www.emco.mil.cl\/index.php\/wp-json\/wp\/v2\/posts\/3365\/revisions"}],"predecessor-version":[{"id":6064,"href":"https:\/\/www.emco.mil.cl\/index.php\/wp-json\/wp\/v2\/posts\/3365\/revisions\/6064"}],"wp:featuredmedia":[{"embeddable":true,"href":"https:\/\/www.emco.mil.cl\/index.php\/wp-json\/wp\/v2\/media\/5823"}],"wp:attachment":[{"href":"https:\/\/www.emco.mil.cl\/index.php\/wp-json\/wp\/v2\/media?parent=3365"}],"wp:term":[{"taxonomy":"category","embeddable":true,"href":"https:\/\/www.emco.mil.cl\/index.php\/wp-json\/wp\/v2\/categories?post=3365"},{"taxonomy":"post_tag","embeddable":true,"href":"https:\/\/www.emco.mil.cl\/index.php\/wp-json\/wp\/v2\/tags?post=3365"}],"curies":[{"name":"wp","href":"https:\/\/api.w.org\/{rel}","templated":true}]}}