{"id":3354,"date":"2018-01-25T18:26:19","date_gmt":"2018-01-25T18:26:19","guid":{"rendered":"http:\/\/www.emco.mil.cl\/?p=3354"},"modified":"2021-09-28T15:02:05","modified_gmt":"2021-09-28T18:02:05","slug":"ceremonia-de-condecoracion-al-ministro-de-defensa-nacional-subsecretario-de-defensa-y-subsecretaria-para-las-fuerzas-armadas","status":"publish","type":"post","link":"https:\/\/www.emco.mil.cl\/index.php\/2018\/01\/25\/ceremonia-de-condecoracion-al-ministro-de-defensa-nacional-subsecretario-de-defensa-y-subsecretaria-para-las-fuerzas-armadas\/","title":{"rendered":"Ceremonia de Condecoraci\u00f3n al Ministro de Defensa Nacional, Subsecretario de Defensa y Subsecretaria para las Fuerzas Armadas"},"content":{"rendered":"<p>En el Auditorio del EMCO, el Jefe del Estado Mayor Conjunto, General de Aviaci\u00f3n Arturo Merino N\u00fa\u00f1ez condecor\u00f3 con la medalla \u201cEstado Mayor Conjunto\u201d al Se\u00f1or Ministro de Defensa Nacional, Jos\u00e9 Antonio G\u00f3mez Urrutia, al Subsecretario de Defensa, Marcos Robledo Hoecker y la Subsecretaria para las FF.AA., Paulina Vodanovic Rojas.<\/p>\n<p>En la ceremonia se homenaje\u00f3 y agradeci\u00f3 el liderazgo y la gesti\u00f3n realizada por el titular de defensa y sus subsecretar\u00edas, lo que llev\u00f3 a alcanzar las metas del Estado Mayor Conjunto con mucho \u00e9xito.<\/p>\n<p><a href=\"https:\/\/www.emco.mil.cl\/wp-content\/uploads\/Marcos-Robledo.jpg\"><img fetchpriority=\"high\" decoding=\"async\" class=\"aligncenter size-large wp-image-3356\" src=\"https:\/\/www.emco.mil.cl\/wp-content\/uploads\/Marcos-Robledo.jpg\" alt=\"Marcos Robledo\" width=\"620\" height=\"413\"><\/a><\/p>\n<p><a href=\"https:\/\/www.emco.mil.cl\/wp-content\/uploads\/Ministro-Jos\u00e9-Antonio-Gomez.jpg\"><img decoding=\"async\" class=\"aligncenter size-large wp-image-3357\" src=\"https:\/\/www.emco.mil.cl\/wp-content\/uploads\/Ministro-Jos\u00e9-Antonio-Gomez.jpg\" alt=\"Ministro Jos\u00e9 Antonio Gomez\" width=\"620\" height=\"413\"><\/a><\/p>\n<p><strong><em>\u201cDetr\u00e1s de este reconocimiento, est\u00e1 el trabajo abnegado de todos los integrantes del Ministerio de Defensa y las Subsecretar\u00edas, quienes han sabido actuar y colaborar con profesionalismo, a los desaf\u00edos que nos han impuesto\u201d,<\/em><\/strong> dijo el Jefe del Estado Mayor Conjunto, General Merino.<\/p>\n<p>A la ceremonia asistieron Directores, Oficiales, personal del Cuadro Permanente y personal civil del Estado Mayor Conjunto.<\/p>\n<p><a href=\"https:\/\/www.emco.mil.cl\/wp-content\/uploads\/condecoraci\u00f3n.jpg\"><img decoding=\"async\" class=\"aligncenter size-full wp-image-3358\" src=\"https:\/\/www.emco.mil.cl\/wp-content\/uploads\/condecoraci\u00f3n.jpg\" alt=\"condecoraci\u00f3n\" width=\"597\" height=\"398\"><\/a><\/p>\n","protected":false},"excerpt":{"rendered":"<p>En el Auditorio del EMCO, el Jefe del Estado Mayor Conjunto, General de Aviaci\u00f3n Arturo Merino N\u00fa\u00f1ez condecor\u00f3 con la medalla \u201cEstado Mayor Conjunto\u201d al Se\u00f1or Ministro de Defensa Nacional, Jos\u00e9 Antonio G\u00f3mez Urrutia, al Subsecretario de Defensa, Marcos Robledo Hoecker y la Subsecretaria para las FF.AA., Paulina Vodanovic Rojas. En la ceremonia se homenaje\u00f3&#8230;<\/p>\n","protected":false},"author":6,"featured_media":5823,"comment_status":"closed","ping_status":"closed","sticky":false,"template":"","format":"standard","meta":{"_kad_post_transparent":"","_kad_post_title":"","_kad_post_layout":"","_kad_post_sidebar_id":"","_kad_post_content_style":"","_kad_post_vertical_padding":"","_kad_post_feature":"","_kad_post_feature_position":"","_kad_post_header":false,"_kad_post_footer":false,"footnotes":""},"categories":[17,3],"tags":[],"class_list":["post-3354","post","type-post","status-publish","format-standard","has-post-thumbnail","hentry","category-17","category-noticias"],"_links":{"self":[{"href":"https:\/\/www.emco.mil.cl\/index.php\/wp-json\/wp\/v2\/posts\/3354","targetHints":{"allow":["GET"]}}],"collection":[{"href":"https:\/\/www.emco.mil.cl\/index.php\/wp-json\/wp\/v2\/posts"}],"about":[{"href":"https:\/\/www.emco.mil.cl\/index.php\/wp-json\/wp\/v2\/types\/post"}],"author":[{"embeddable":true,"href":"https:\/\/www.emco.mil.cl\/index.php\/wp-json\/wp\/v2\/users\/6"}],"replies":[{"embeddable":true,"href":"https:\/\/www.emco.mil.cl\/index.php\/wp-json\/wp\/v2\/comments?post=3354"}],"version-history":[{"count":2,"href":"https:\/\/www.emco.mil.cl\/index.php\/wp-json\/wp\/v2\/posts\/3354\/revisions"}],"predecessor-version":[{"id":6063,"href":"https:\/\/www.emco.mil.cl\/index.php\/wp-json\/wp\/v2\/posts\/3354\/revisions\/6063"}],"wp:featuredmedia":[{"embeddable":true,"href":"https:\/\/www.emco.mil.cl\/index.php\/wp-json\/wp\/v2\/media\/5823"}],"wp:attachment":[{"href":"https:\/\/www.emco.mil.cl\/index.php\/wp-json\/wp\/v2\/media?parent=3354"}],"wp:term":[{"taxonomy":"category","embeddable":true,"href":"https:\/\/www.emco.mil.cl\/index.php\/wp-json\/wp\/v2\/categories?post=3354"},{"taxonomy":"post_tag","embeddable":true,"href":"https:\/\/www.emco.mil.cl\/index.php\/wp-json\/wp\/v2\/tags?post=3354"}],"curies":[{"name":"wp","href":"https:\/\/api.w.org\/{rel}","templated":true}]}}