{"id":3349,"date":"2018-01-22T17:03:43","date_gmt":"2018-01-22T17:03:43","guid":{"rendered":"http:\/\/www.emco.mil.cl\/?p=3349"},"modified":"2021-09-28T15:01:43","modified_gmt":"2021-09-28T18:01:43","slug":"regreso-de-oficiales-chilenos-de-mision-en-colombia","status":"publish","type":"post","link":"https:\/\/www.emco.mil.cl\/index.php\/2018\/01\/22\/regreso-de-oficiales-chilenos-de-mision-en-colombia\/","title":{"rendered":"Regreso de Oficiales chilenos de Misi\u00f3n en Colombia"},"content":{"rendered":"<p>En dependencias de la Direcci\u00f3n de Operaciones y Conducci\u00f3n Conjunta (DOPCON) del Estado Mayor Conjunto, el Contralmirante Luis Fernando S\u00e1nchez P\u00e9rez recibi\u00f3 a los Oficiales que regresaron de la Misi\u00f3n de Verificaci\u00f3n de las Naciones Unidas en Colombia, donde se desempe\u00f1aron, durante 6 meses, como observadores internacionales.<\/p>\n<p><a href=\"https:\/\/www.emco.mil.cl\/wp-content\/uploads\/DOPCON-y-Oficiales-chilenos-de-la-MPE-Colombia.jpg\"><img fetchpriority=\"high\" decoding=\"async\" class=\"aligncenter size-full wp-image-3351\" src=\"https:\/\/www.emco.mil.cl\/wp-content\/uploads\/DOPCON-y-Oficiales-chilenos-de-la-MPE-Colombia.jpg\" alt=\"DOPCON y Oficiales chilenos de la MPE Colombia\" width=\"620\" height=\"413\"><\/a><\/p>\n<p><strong><em>\u201cEs una experiencia muy enriquecedora, pudimos apreciar la diferencia entre un pa\u00eds y otro, nos tranquiliza vivir en un pa\u00eds como Chile. Para nosotros es sumamente importante haber colaborado con un granito de arena para poder lograr la paz en ese pa\u00eds\u201d,<\/em><\/strong> dijo el Comandante de Escuadrilla de la Fuerza A\u00e9rea, Juan Pablo Aguirre.<\/p>\n<p><strong><em>\u201cPara m\u00ed, profesionalmente, fue una experiencia muy enriquecedora, porque pudimos comparar nuestros conocimientos con otros observadores internacionales y adquirir nuevas experiencias\u201d,<\/em><\/strong> coment\u00f3 el Capit\u00e1n de Ej\u00e9rcito, Nelson Oviedo.<\/p>\n<p><strong><em>\u201cEsta instancia da la chance para poder comparar nuestra realidad nacional y poder tomar conciencia de los altos est\u00e1ndares de seguridad que tenemos en nuestro pa\u00eds, y a su vez, poder pensar alguna f\u00f3rmula para, en un futuro, evitar la lamentable situaci\u00f3n en la que se encuentra un pa\u00eds hermano como es Colombia\u201d,<\/em><\/strong> expres\u00f3 el Subcomisario de la Polic\u00eda de Investigaci\u00f3n, Sebasti\u00e1n Oyarzun.<\/p>\n<p>La Misi\u00f3n debe monitorear y verificar el acuerdo de alto al fuego entre el gobierno de Colombia y el Ej\u00e9rcito de Liberaci\u00f3n Nacional (ELN) a nivel bilateral, temporal y nacional.<\/p>\n","protected":false},"excerpt":{"rendered":"<p>En dependencias de la Direcci\u00f3n de Operaciones y Conducci\u00f3n Conjunta (DOPCON) del Estado Mayor Conjunto, el Contralmirante Luis Fernando S\u00e1nchez P\u00e9rez recibi\u00f3 a los Oficiales que regresaron de la Misi\u00f3n de Verificaci\u00f3n de las Naciones Unidas en Colombia, donde se desempe\u00f1aron, durante 6 meses, como observadores internacionales. \u201cEs una experiencia muy enriquecedora, pudimos apreciar la&#8230;<\/p>\n","protected":false},"author":6,"featured_media":5823,"comment_status":"closed","ping_status":"closed","sticky":false,"template":"","format":"standard","meta":{"_kad_post_transparent":"","_kad_post_title":"","_kad_post_layout":"","_kad_post_sidebar_id":"","_kad_post_content_style":"","_kad_post_vertical_padding":"","_kad_post_feature":"","_kad_post_feature_position":"","_kad_post_header":false,"_kad_post_footer":false,"footnotes":""},"categories":[17,3],"tags":[],"class_list":["post-3349","post","type-post","status-publish","format-standard","has-post-thumbnail","hentry","category-17","category-noticias"],"_links":{"self":[{"href":"https:\/\/www.emco.mil.cl\/index.php\/wp-json\/wp\/v2\/posts\/3349","targetHints":{"allow":["GET"]}}],"collection":[{"href":"https:\/\/www.emco.mil.cl\/index.php\/wp-json\/wp\/v2\/posts"}],"about":[{"href":"https:\/\/www.emco.mil.cl\/index.php\/wp-json\/wp\/v2\/types\/post"}],"author":[{"embeddable":true,"href":"https:\/\/www.emco.mil.cl\/index.php\/wp-json\/wp\/v2\/users\/6"}],"replies":[{"embeddable":true,"href":"https:\/\/www.emco.mil.cl\/index.php\/wp-json\/wp\/v2\/comments?post=3349"}],"version-history":[{"count":2,"href":"https:\/\/www.emco.mil.cl\/index.php\/wp-json\/wp\/v2\/posts\/3349\/revisions"}],"predecessor-version":[{"id":6062,"href":"https:\/\/www.emco.mil.cl\/index.php\/wp-json\/wp\/v2\/posts\/3349\/revisions\/6062"}],"wp:featuredmedia":[{"embeddable":true,"href":"https:\/\/www.emco.mil.cl\/index.php\/wp-json\/wp\/v2\/media\/5823"}],"wp:attachment":[{"href":"https:\/\/www.emco.mil.cl\/index.php\/wp-json\/wp\/v2\/media?parent=3349"}],"wp:term":[{"taxonomy":"category","embeddable":true,"href":"https:\/\/www.emco.mil.cl\/index.php\/wp-json\/wp\/v2\/categories?post=3349"},{"taxonomy":"post_tag","embeddable":true,"href":"https:\/\/www.emco.mil.cl\/index.php\/wp-json\/wp\/v2\/tags?post=3349"}],"curies":[{"name":"wp","href":"https:\/\/api.w.org\/{rel}","templated":true}]}}