{"id":3343,"date":"2018-01-22T16:47:39","date_gmt":"2018-01-22T16:47:39","guid":{"rendered":"http:\/\/www.emco.mil.cl\/?p=3343"},"modified":"2021-09-28T15:01:18","modified_gmt":"2021-09-28T18:01:18","slug":"certificacion-a-personal-de-ejercito-por-parte-corma","status":"publish","type":"post","link":"https:\/\/www.emco.mil.cl\/index.php\/2018\/01\/22\/certificacion-a-personal-de-ejercito-por-parte-corma\/","title":{"rendered":"Certificaci\u00f3n a personal de Ej\u00e9rcito por parte CORMA"},"content":{"rendered":"<p>El Estado Mayor Conjunto, como coordinador entre las FF.AA. y la Corporaci\u00f3n de la Madera (CORMA), dio el inicio a las certificaciones de Oficiales y Cuadro Permanente del Ej\u00e9rcito de los Regimientos de Buin y Maipo, como instructores en T\u00e9cnicas de contenci\u00f3n y liquidaci\u00f3n de incendios rurales.<\/p>\n<p><a href=\"https:\/\/www.emco.mil.cl\/wp-content\/uploads\/Certificaci\u00f3n-2.jpg\"><img fetchpriority=\"high\" decoding=\"async\" class=\"aligncenter size-full wp-image-3344\" src=\"https:\/\/www.emco.mil.cl\/wp-content\/uploads\/Certificaci\u00f3n-2.jpg\" alt=\"Certificaci\u00f3n 2\" width=\"620\" height=\"413\"><\/a><\/p>\n<p>Esta instancia se encuadra en el convenio marco entre el Ministerio de Defensa y CORMA, que a trav\u00e9s de la cooperaci\u00f3n, la formaci\u00f3n y la entrega de equipamiento, se busca para potenciar las capacidades de respuesta de las Fuerzas Armadas frente emergencias ocasionadas por incendios rurales de gran magnitud.<\/p>\n<p><a href=\"https:\/\/www.emco.mil.cl\/wp-content\/uploads\/Certificaci\u00f3n-1.jpg\"><img decoding=\"async\" class=\"aligncenter size-full wp-image-3346\" src=\"https:\/\/www.emco.mil.cl\/wp-content\/uploads\/Certificaci\u00f3n-1.jpg\" alt=\"Certificaci\u00f3n 1\" width=\"620\" height=\"413\"><\/a><\/p>\n<p><a href=\"https:\/\/www.emco.mil.cl\/wp-content\/uploads\/Certificaci\u00f3n-3.jpg\"><img decoding=\"async\" class=\"aligncenter size-large wp-image-3347\" src=\"https:\/\/www.emco.mil.cl\/wp-content\/uploads\/Certificaci\u00f3n-3.jpg\" alt=\"Certificaci\u00f3n 3\" width=\"620\" height=\"413\"><\/a><\/p>\n","protected":false},"excerpt":{"rendered":"<p>El Estado Mayor Conjunto, como coordinador entre las FF.AA. y la Corporaci\u00f3n de la Madera (CORMA), dio el inicio a las certificaciones de Oficiales y Cuadro Permanente del Ej\u00e9rcito de los Regimientos de Buin y Maipo, como instructores en T\u00e9cnicas de contenci\u00f3n y liquidaci\u00f3n de incendios rurales. Esta instancia se encuadra en el convenio marco&#8230;<\/p>\n","protected":false},"author":6,"featured_media":5823,"comment_status":"closed","ping_status":"closed","sticky":false,"template":"","format":"standard","meta":{"_kad_post_transparent":"","_kad_post_title":"","_kad_post_layout":"","_kad_post_sidebar_id":"","_kad_post_content_style":"","_kad_post_vertical_padding":"","_kad_post_feature":"","_kad_post_feature_position":"","_kad_post_header":false,"_kad_post_footer":false,"footnotes":""},"categories":[17,3],"tags":[],"class_list":["post-3343","post","type-post","status-publish","format-standard","has-post-thumbnail","hentry","category-17","category-noticias"],"_links":{"self":[{"href":"https:\/\/www.emco.mil.cl\/index.php\/wp-json\/wp\/v2\/posts\/3343","targetHints":{"allow":["GET"]}}],"collection":[{"href":"https:\/\/www.emco.mil.cl\/index.php\/wp-json\/wp\/v2\/posts"}],"about":[{"href":"https:\/\/www.emco.mil.cl\/index.php\/wp-json\/wp\/v2\/types\/post"}],"author":[{"embeddable":true,"href":"https:\/\/www.emco.mil.cl\/index.php\/wp-json\/wp\/v2\/users\/6"}],"replies":[{"embeddable":true,"href":"https:\/\/www.emco.mil.cl\/index.php\/wp-json\/wp\/v2\/comments?post=3343"}],"version-history":[{"count":2,"href":"https:\/\/www.emco.mil.cl\/index.php\/wp-json\/wp\/v2\/posts\/3343\/revisions"}],"predecessor-version":[{"id":6061,"href":"https:\/\/www.emco.mil.cl\/index.php\/wp-json\/wp\/v2\/posts\/3343\/revisions\/6061"}],"wp:featuredmedia":[{"embeddable":true,"href":"https:\/\/www.emco.mil.cl\/index.php\/wp-json\/wp\/v2\/media\/5823"}],"wp:attachment":[{"href":"https:\/\/www.emco.mil.cl\/index.php\/wp-json\/wp\/v2\/media?parent=3343"}],"wp:term":[{"taxonomy":"category","embeddable":true,"href":"https:\/\/www.emco.mil.cl\/index.php\/wp-json\/wp\/v2\/categories?post=3343"},{"taxonomy":"post_tag","embeddable":true,"href":"https:\/\/www.emco.mil.cl\/index.php\/wp-json\/wp\/v2\/tags?post=3343"}],"curies":[{"name":"wp","href":"https:\/\/api.w.org\/{rel}","templated":true}]}}