{"id":3334,"date":"2018-01-15T19:37:27","date_gmt":"2018-01-15T19:37:27","guid":{"rendered":"http:\/\/www.emco.mil.cl\/?p=3334"},"modified":"2021-09-28T15:00:54","modified_gmt":"2021-09-28T18:00:54","slug":"presentacion-contingente-nacional-desplegado-en-bosnia","status":"publish","type":"post","link":"https:\/\/www.emco.mil.cl\/index.php\/2018\/01\/15\/presentacion-contingente-nacional-desplegado-en-bosnia\/","title":{"rendered":"Presentaci\u00f3n contingente nacional desplegado en Bosnia"},"content":{"rendered":"<p>En dependencias de la Direcci\u00f3n Operaciones y Conducci\u00f3n Conjunta (DOPCON), del Estado Mayor Conjunto, se llev\u00f3 a cabo una reuni\u00f3n de presentaci\u00f3n al Director de la DOPCON, el Contralmirante Luis Fernando S\u00e1nchez P\u00e9rez, por parte del personal desplegado en la Operaci\u00f3n Althea, en Bosnia y Herzegovina<\/p>\n<p><a href=\"https:\/\/www.emco.mil.cl\/wp-content\/uploads\/Contingente-Chileno-de-Bosnia.jpg\"><img fetchpriority=\"high\" decoding=\"async\" class=\"aligncenter size-full wp-image-3336\" src=\"https:\/\/www.emco.mil.cl\/wp-content\/uploads\/Contingente-Chileno-de-Bosnia.jpg\" alt=\"Contingente Chileno de Bosnia\" width=\"620\" height=\"413\" \/><\/a><\/p>\n<p><a href=\"https:\/\/www.emco.mil.cl\/wp-content\/uploads\/DOPCON.jpg\"><img decoding=\"async\" class=\"aligncenter size-full wp-image-3337\" src=\"https:\/\/www.emco.mil.cl\/wp-content\/uploads\/DOPCON.jpg\" alt=\"DOPCON\" width=\"620\" height=\"413\" \/><\/a><\/p>\n<p>En la reuni\u00f3n se habl\u00f3, detalladamente, de las distintas actividades realizadas por el contingente chileno en el pa\u00eds de la pen\u00ednsula de los Balcanes, donde su trabajo ha sido apreciado y distinguido. Adem\u00e1s de mostrar, de primera fuente, la situaci\u00f3n que vive, actualmente, ese pa\u00eds.<\/p>\n<p><strong><em>\u201cEl estar en los Balcanes permite tener un acercamiento al conflicto que ocurri\u00f3 a principio de los a\u00f1os noventa. Ver como se ha ido recuperando luego de un conflicto de tal magnitud e interactuar con pa\u00edses de la Uni\u00f3n Europea en el \u00e1mbito profesional y tambi\u00e9n que son miembros de la OTAN\u201d, <\/em><\/strong>coment\u00f3 el Teniente Coronel, Manuel Provis Baker.<\/p>\n<p><a href=\"https:\/\/www.emco.mil.cl\/wp-content\/uploads\/Presentaci\u00f3n-CHILFOR28.jpg\"><img decoding=\"async\" class=\"aligncenter size-full wp-image-3338\" src=\"https:\/\/www.emco.mil.cl\/wp-content\/uploads\/Presentaci\u00f3n-CHILFOR28.jpg\" alt=\"Presentaci\u00f3n CHILFOR28\" width=\"620\" height=\"413\" \/><\/a><\/p>\n<p>Chile es uno de los pa\u00edses fuera de la UE y la OTAN, en participar activamente de la Misi\u00f3n de las Naciones Unidas en Bosnia y Herzegovina, con 15 efectivos del Ej\u00e9rcito, que son relevados cada 8 meses, desempe\u00f1\u00e1ndose en el Cuartel General en la ciudad de Sarajevo y equipos de observaci\u00f3n y enlace (Casa LOT) en la ciudad de Banja Luka.<\/p>\n","protected":false},"excerpt":{"rendered":"<p>En dependencias de la Direcci\u00f3n Operaciones y Conducci\u00f3n Conjunta (DOPCON), del Estado Mayor Conjunto, se llev\u00f3 a cabo una reuni\u00f3n de presentaci\u00f3n al Director de la DOPCON, el Contralmirante Luis Fernando S\u00e1nchez P\u00e9rez, por parte del personal desplegado en la Operaci\u00f3n Althea, en Bosnia y Herzegovina En la reuni\u00f3n se habl\u00f3, detalladamente, de las distintas&#8230;<\/p>\n","protected":false},"author":6,"featured_media":5823,"comment_status":"closed","ping_status":"closed","sticky":false,"template":"","format":"standard","meta":{"_kad_post_transparent":"","_kad_post_title":"","_kad_post_layout":"","_kad_post_sidebar_id":"","_kad_post_content_style":"","_kad_post_vertical_padding":"","_kad_post_feature":"","_kad_post_feature_position":"","_kad_post_header":false,"_kad_post_footer":false,"footnotes":""},"categories":[17,3],"tags":[],"class_list":["post-3334","post","type-post","status-publish","format-standard","has-post-thumbnail","hentry","category-17","category-noticias"],"_links":{"self":[{"href":"https:\/\/www.emco.mil.cl\/index.php\/wp-json\/wp\/v2\/posts\/3334","targetHints":{"allow":["GET"]}}],"collection":[{"href":"https:\/\/www.emco.mil.cl\/index.php\/wp-json\/wp\/v2\/posts"}],"about":[{"href":"https:\/\/www.emco.mil.cl\/index.php\/wp-json\/wp\/v2\/types\/post"}],"author":[{"embeddable":true,"href":"https:\/\/www.emco.mil.cl\/index.php\/wp-json\/wp\/v2\/users\/6"}],"replies":[{"embeddable":true,"href":"https:\/\/www.emco.mil.cl\/index.php\/wp-json\/wp\/v2\/comments?post=3334"}],"version-history":[{"count":3,"href":"https:\/\/www.emco.mil.cl\/index.php\/wp-json\/wp\/v2\/posts\/3334\/revisions"}],"predecessor-version":[{"id":6060,"href":"https:\/\/www.emco.mil.cl\/index.php\/wp-json\/wp\/v2\/posts\/3334\/revisions\/6060"}],"wp:featuredmedia":[{"embeddable":true,"href":"https:\/\/www.emco.mil.cl\/index.php\/wp-json\/wp\/v2\/media\/5823"}],"wp:attachment":[{"href":"https:\/\/www.emco.mil.cl\/index.php\/wp-json\/wp\/v2\/media?parent=3334"}],"wp:term":[{"taxonomy":"category","embeddable":true,"href":"https:\/\/www.emco.mil.cl\/index.php\/wp-json\/wp\/v2\/categories?post=3334"},{"taxonomy":"post_tag","embeddable":true,"href":"https:\/\/www.emco.mil.cl\/index.php\/wp-json\/wp\/v2\/tags?post=3334"}],"curies":[{"name":"wp","href":"https:\/\/api.w.org\/{rel}","templated":true}]}}