{"id":3330,"date":"2018-01-15T19:20:09","date_gmt":"2018-01-15T19:20:09","guid":{"rendered":"http:\/\/www.emco.mil.cl\/?p=3330"},"modified":"2021-09-28T14:59:49","modified_gmt":"2021-09-28T17:59:49","slug":"despedida-general-de-ejercito-como-nuevo-asesor-militar-de-la-mision-de-verificacion-de-las-naciones-unidas-en-colombia","status":"publish","type":"post","link":"https:\/\/www.emco.mil.cl\/index.php\/2018\/01\/15\/despedida-general-de-ejercito-como-nuevo-asesor-militar-de-la-mision-de-verificacion-de-las-naciones-unidas-en-colombia\/","title":{"rendered":"Despedida General de Ej\u00e9rcito como nuevo asesor militar de la Misi\u00f3n de Verificaci\u00f3n de las Naciones Unidas en Colombia"},"content":{"rendered":"<p>En dependencias del EMCO, el Jefe del Estado Mayor Conjunto, General de Aviaci\u00f3n, Arturo Merino N\u00fa\u00f1ez, junto al Director de Operaciones y Conducci\u00f3n Conjunta (DOPCON), Contralmirante Luis Fernando S\u00e1nchez P\u00e9rez, recibieron al General de Brigada, Carlos Ricotti Vel\u00e1squez.<\/p>\n<p><a href=\"https:\/\/www.emco.mil.cl\/wp-content\/uploads\/General-Ricotti-General-Merino-y-Almirante-S\u00e1nchez.jpg\"><img fetchpriority=\"high\" decoding=\"async\" class=\"aligncenter size-full wp-image-3332\" src=\"https:\/\/www.emco.mil.cl\/wp-content\/uploads\/General-Ricotti-General-Merino-y-Almirante-S\u00e1nchez.jpg\" alt=\"General Ricotti, General Merino y Almirante S\u00e1nchez\" width=\"620\" height=\"413\"><\/a><\/p>\n<p>El General Ricotti, llegar\u00e1 a Colombia como nuevo asesor Militar Principal de la Misi\u00f3n de Verificaci\u00f3n de las Naciones Unidas en Colombia, puesto ratificado por la ONU y que actualmente ocupa Argentina.<\/p>\n<p>La actual Misi\u00f3n en Colombia, sucesora de la Misi\u00f3n de Observaci\u00f3n de la ONU, se estableci\u00f3 el 10 de julio de 2017, luego que el Consejo de Seguridad aprobara su creaci\u00f3n.<\/p>\n<p>El General Ricotti tiene una vasta experiencia en operaciones de paz, habi\u00e9ndose desempe\u00f1ado como piloto en las Misiones de la ONU en Timor Oriental (UNTAET) Y Hait\u00ed (MINUSTAH). Tambi\u00e9n fue Jefe del Departamento Log\u00edstico del Estado Mayor Combinado \u201cCruz del Sur\u201d en Argentina.<\/p>\n","protected":false},"excerpt":{"rendered":"<p>En dependencias del EMCO, el Jefe del Estado Mayor Conjunto, General de Aviaci\u00f3n, Arturo Merino N\u00fa\u00f1ez, junto al Director de Operaciones y Conducci\u00f3n Conjunta (DOPCON), Contralmirante Luis Fernando S\u00e1nchez P\u00e9rez, recibieron al General de Brigada, Carlos Ricotti Vel\u00e1squez. El General Ricotti, llegar\u00e1 a Colombia como nuevo asesor Militar Principal de la Misi\u00f3n de Verificaci\u00f3n de&#8230;<\/p>\n","protected":false},"author":6,"featured_media":5823,"comment_status":"closed","ping_status":"closed","sticky":false,"template":"","format":"standard","meta":{"_kad_post_transparent":"","_kad_post_title":"","_kad_post_layout":"","_kad_post_sidebar_id":"","_kad_post_content_style":"","_kad_post_vertical_padding":"","_kad_post_feature":"","_kad_post_feature_position":"","_kad_post_header":false,"_kad_post_footer":false,"footnotes":""},"categories":[17,3],"tags":[],"class_list":["post-3330","post","type-post","status-publish","format-standard","has-post-thumbnail","hentry","category-17","category-noticias"],"_links":{"self":[{"href":"https:\/\/www.emco.mil.cl\/index.php\/wp-json\/wp\/v2\/posts\/3330","targetHints":{"allow":["GET"]}}],"collection":[{"href":"https:\/\/www.emco.mil.cl\/index.php\/wp-json\/wp\/v2\/posts"}],"about":[{"href":"https:\/\/www.emco.mil.cl\/index.php\/wp-json\/wp\/v2\/types\/post"}],"author":[{"embeddable":true,"href":"https:\/\/www.emco.mil.cl\/index.php\/wp-json\/wp\/v2\/users\/6"}],"replies":[{"embeddable":true,"href":"https:\/\/www.emco.mil.cl\/index.php\/wp-json\/wp\/v2\/comments?post=3330"}],"version-history":[{"count":2,"href":"https:\/\/www.emco.mil.cl\/index.php\/wp-json\/wp\/v2\/posts\/3330\/revisions"}],"predecessor-version":[{"id":6058,"href":"https:\/\/www.emco.mil.cl\/index.php\/wp-json\/wp\/v2\/posts\/3330\/revisions\/6058"}],"wp:featuredmedia":[{"embeddable":true,"href":"https:\/\/www.emco.mil.cl\/index.php\/wp-json\/wp\/v2\/media\/5823"}],"wp:attachment":[{"href":"https:\/\/www.emco.mil.cl\/index.php\/wp-json\/wp\/v2\/media?parent=3330"}],"wp:term":[{"taxonomy":"category","embeddable":true,"href":"https:\/\/www.emco.mil.cl\/index.php\/wp-json\/wp\/v2\/categories?post=3330"},{"taxonomy":"post_tag","embeddable":true,"href":"https:\/\/www.emco.mil.cl\/index.php\/wp-json\/wp\/v2\/tags?post=3330"}],"curies":[{"name":"wp","href":"https:\/\/api.w.org\/{rel}","templated":true}]}}