{"id":3320,"date":"2018-01-10T19:58:26","date_gmt":"2018-01-10T19:58:26","guid":{"rendered":"http:\/\/www.emco.mil.cl\/?p=3320"},"modified":"2021-09-28T14:59:10","modified_gmt":"2021-09-28T17:59:10","slug":"firma-convenio-marco-de-colaboracion-entre-el-ministerio-de-defensa-y-la-corma","status":"publish","type":"post","link":"https:\/\/www.emco.mil.cl\/index.php\/2018\/01\/10\/firma-convenio-marco-de-colaboracion-entre-el-ministerio-de-defensa-y-la-corma\/","title":{"rendered":"Firma convenio marco de colaboraci\u00f3n entre el Ministerio de Defensa y la CORMA"},"content":{"rendered":"<p>Esta ma\u00f1ana, en dependencias del Ministerio de Defensa se realiz\u00f3 la firma del convenio marco entre el MINDEF y la Corporaci\u00f3n Chilena de la Madera (CORMA) de cooperaci\u00f3n, en la formaci\u00f3n y equipamiento, para potenciar las capacidades de respuesta de las Fuerzas Armadas.<\/p>\n<p>La ceremonia presidida por el Ministro de Defensa, Jos\u00e9 Antonio G\u00f3mez, y que cont\u00f3 con la presencia del Presidente Nacional de CORMA, Fernando Raga Castellanos y el Jefe del Estado Mayor Conjunto, General de Aviaci\u00f3n Arturo Merino N\u00fa\u00f1ez, como coordinador del convenio, se llev\u00f3 a cabo el inicio de esta colaboraci\u00f3n p\u00fablico-privada.<\/p>\n<p>CORMA en su compromiso con el medioambiente ha ofrecido su cooperaci\u00f3n, en la formaci\u00f3n y equipamiento para personal del Ej\u00e9rcito, Armada y Fuerza A\u00e9rea, para potenciar las capacidades de respuestas de las FF.AA., y ser utilizadas frente a los diferentes desaf\u00edos en la actualidad, contribuyendo a la Defensa y al Sistema de Protecci\u00f3n Civil, en el combate de incendios forestales.<\/p>\n<p><a href=\"https:\/\/www.emco.mil.cl\/wp-content\/uploads\/Firma-Convenio.jpg\"><img fetchpriority=\"high\" decoding=\"async\" class=\"aligncenter size-full wp-image-3321\" src=\"https:\/\/www.emco.mil.cl\/wp-content\/uploads\/Firma-Convenio.jpg\" alt=\"Firma Convenio\" width=\"620\" height=\"413\"><\/a><\/p>\n<p><strong><em>\u201cEste acuerdo considera la entrega de cuatro helibaldes para el combate de incendios desde helic\u00f3pteros. CORMA tambi\u00e9n implementar\u00e1 un programa de formaci\u00f3n de instructores en t\u00e9cnicas de combate y prevenci\u00f3n de incendios rurales para Oficiales y Cuadro Permanente del Ej\u00e9rcito. Adem\u00e1s de entregar cursos de capacitaci\u00f3n a pilotos del Ej\u00e9rcito y la Armada para combates a\u00e9reos de incendios rurales\u201d,<\/em><\/strong> explic\u00f3 el Presidente Nacional de CORMA, Sr. Raga.<\/p>\n<p>En tanto, el titular de Defensa, Jos\u00e9 Antonio G\u00f3mez, se\u00f1al\u00f3:<strong><em> \u201cPara nosotros firmar este convenio, como Ministerio de Defensa junto a las Instituciones de la Defensa, es vital, porque nos permite participar en algo que no es nuestra tarea habitual. No nos corresponde ser combatientes de incendios, pero, sin embargo, a nuestros pilotos si les servir\u00e1 la experiencia, la capacitaci\u00f3n y el conocimiento de combatir incendios\u201d. <\/em><\/strong>&nbsp;<\/p>\n<p><a href=\"https:\/\/www.emco.mil.cl\/wp-content\/uploads\/Ministro-Jos\u00e9-Antonio-G\u00f3mez.jpg\"><img decoding=\"async\" class=\"aligncenter size-full wp-image-3323\" src=\"https:\/\/www.emco.mil.cl\/wp-content\/uploads\/Ministro-Jos\u00e9-Antonio-G\u00f3mez.jpg\" alt=\"Ministro Jos\u00e9 Antonio G\u00f3mez\" width=\"620\" height=\"413\"><\/a><\/p>\n<p>Es as\u00ed como el Ministerio de Defensa dispuso que el EMCO asumiera las coordinaciones entre las Instituciones de la Defensa y la Corporaci\u00f3n Chilena de la Madera, donde se llevaron a cabo mesas de trabajos entre ambas instituciones, con el fin de canalizar la cooperaci\u00f3n.<\/p>\n<p><strong><em>\u201cEl Ministerio de Defensa, a trav\u00e9s del Estado Mayor Conjunto est\u00e1 buscando soluciones, con las FF.AA., para poder cooperar en todo lo que tiene relaci\u00f3n para atacar los incendios, esto es un tema pa\u00eds y nosotros no nos podemos restar. Esta es una oferta por parte de CORMA, que obviamente, la llevaremos adelante como coordinadores del acuerdo\u201d, <\/em><\/strong>coment\u00f3 el Jefe del Estado Mayor Conjunto, General de Aviaci\u00f3n Arturo Merino N\u00fa\u00f1ez.<\/p>\n<p><a href=\"https:\/\/www.emco.mil.cl\/wp-content\/uploads\/Foto.jpg\"><img decoding=\"async\" class=\"aligncenter size-full wp-image-3322\" src=\"https:\/\/www.emco.mil.cl\/wp-content\/uploads\/Foto.jpg\" alt=\"Foto\" width=\"620\" height=\"413\"><\/a><\/p>\n","protected":false},"excerpt":{"rendered":"<p>Esta ma\u00f1ana, en dependencias del Ministerio de Defensa se realiz\u00f3 la firma del convenio marco entre el MINDEF y la Corporaci\u00f3n Chilena de la Madera (CORMA) de cooperaci\u00f3n, en la formaci\u00f3n y equipamiento, para potenciar las capacidades de respuesta de las Fuerzas Armadas. La ceremonia presidida por el Ministro de Defensa, Jos\u00e9 Antonio G\u00f3mez, y&#8230;<\/p>\n","protected":false},"author":6,"featured_media":5823,"comment_status":"closed","ping_status":"closed","sticky":false,"template":"","format":"standard","meta":{"_kad_post_transparent":"","_kad_post_title":"","_kad_post_layout":"","_kad_post_sidebar_id":"","_kad_post_content_style":"","_kad_post_vertical_padding":"","_kad_post_feature":"","_kad_post_feature_position":"","_kad_post_header":false,"_kad_post_footer":false,"footnotes":""},"categories":[17,3],"tags":[],"class_list":["post-3320","post","type-post","status-publish","format-standard","has-post-thumbnail","hentry","category-17","category-noticias"],"_links":{"self":[{"href":"https:\/\/www.emco.mil.cl\/index.php\/wp-json\/wp\/v2\/posts\/3320","targetHints":{"allow":["GET"]}}],"collection":[{"href":"https:\/\/www.emco.mil.cl\/index.php\/wp-json\/wp\/v2\/posts"}],"about":[{"href":"https:\/\/www.emco.mil.cl\/index.php\/wp-json\/wp\/v2\/types\/post"}],"author":[{"embeddable":true,"href":"https:\/\/www.emco.mil.cl\/index.php\/wp-json\/wp\/v2\/users\/6"}],"replies":[{"embeddable":true,"href":"https:\/\/www.emco.mil.cl\/index.php\/wp-json\/wp\/v2\/comments?post=3320"}],"version-history":[{"count":2,"href":"https:\/\/www.emco.mil.cl\/index.php\/wp-json\/wp\/v2\/posts\/3320\/revisions"}],"predecessor-version":[{"id":6057,"href":"https:\/\/www.emco.mil.cl\/index.php\/wp-json\/wp\/v2\/posts\/3320\/revisions\/6057"}],"wp:featuredmedia":[{"embeddable":true,"href":"https:\/\/www.emco.mil.cl\/index.php\/wp-json\/wp\/v2\/media\/5823"}],"wp:attachment":[{"href":"https:\/\/www.emco.mil.cl\/index.php\/wp-json\/wp\/v2\/media?parent=3320"}],"wp:term":[{"taxonomy":"category","embeddable":true,"href":"https:\/\/www.emco.mil.cl\/index.php\/wp-json\/wp\/v2\/categories?post=3320"},{"taxonomy":"post_tag","embeddable":true,"href":"https:\/\/www.emco.mil.cl\/index.php\/wp-json\/wp\/v2\/tags?post=3320"}],"curies":[{"name":"wp","href":"https:\/\/api.w.org\/{rel}","templated":true}]}}