{"id":3296,"date":"2018-01-02T19:56:17","date_gmt":"2018-01-02T22:56:17","guid":{"rendered":"http:\/\/www.emco.mil.cl\/?p=3296"},"modified":"2021-09-28T14:52:19","modified_gmt":"2021-09-28T17:52:19","slug":"despedida-a-oficial-de-la-fuerza-aerea-de-chile-a-mision-de-paz","status":"publish","type":"post","link":"https:\/\/www.emco.mil.cl\/index.php\/2018\/01\/02\/despedida-a-oficial-de-la-fuerza-aerea-de-chile-a-mision-de-paz\/","title":{"rendered":"Despedida a Oficial de la Fuerza A\u00e9rea de Chile a Misi\u00f3n de Paz"},"content":{"rendered":"<p>En dependencias de la Direcci\u00f3n de Operaciones y Conducci\u00f3n Conjunta (DOPCON) del Estado Mayor Conjunto, el Contralmirante Luis Fernando S\u00e1nchez P\u00e9rez se reuni\u00f3 y despidi\u00f3 al efectivo que viajar\u00e1 en representaci\u00f3n de nuestro pa\u00eds, a integrarse a la Misi\u00f3n de Paz en India \u2013 Pakist\u00e1n.<\/p>\n<p><a href=\"https:\/\/www.emco.mil.cl\/wp-content\/uploads\/Director-DOPCON-y-Oficial-FACh.jpg\"><img fetchpriority=\"high\" decoding=\"async\" class=\"aligncenter size-full wp-image-3298\" src=\"https:\/\/www.emco.mil.cl\/wp-content\/uploads\/Director-DOPCON-y-Oficial-FACh.jpg\" alt=\"Director DOPCON y Oficial FACh\" width=\"620\" height=\"413\"><\/a><\/p>\n<p>El Comandante de Escuadrilla Pablo Varela, de la Fuerza A\u00e9rea de Chile, se desempe\u00f1ar\u00e1 por 12 meses como observador militar de los acontecimientos de la frontera entre los pa\u00edses de India y Pakist\u00e1n donde viajar\u00e1 el 5 de enero a relevar al Comandante de Escuadrilla (TI) V\u00edctor Lobos, Oficial de la Fuerza A\u00e9rea, en el Grupo de Observadores Militares de las Naciones Unidas (UNMOGIP).<\/p>\n<p><strong><em>\u201cPrimera vez que participo en una misi\u00f3n de paz. India \u2013 Pakist\u00e1n es un desaf\u00edo muy importante, no solo por la distancia, sino que por el conflicto que se est\u00e1 viviendo\u201d,<\/em><\/strong> coment\u00f3 el Comandante Varela previo a su viaje a la operaci\u00f3n de paz.<\/p>\n<p>El apoyo de nuestras FF.AA. a la UNMOGIP se compone de un Oficial del Ej\u00e9rcito, el Capit\u00e1n Hern\u00e1n Oyanguren que viaj\u00f3 en noviembre 2017, y un Oficial de la Fuerza A\u00e9rea.<\/p>\n<p><a href=\"https:\/\/www.emco.mil.cl\/wp-content\/uploads\/Capit\u00e1n-Hern\u00e1n-Oyanguren.jpg\"><img decoding=\"async\" class=\"aligncenter size-full wp-image-3297\" src=\"https:\/\/www.emco.mil.cl\/wp-content\/uploads\/Capit\u00e1n-Hern\u00e1n-Oyanguren.jpg\" alt=\"Capit\u00e1n Hern\u00e1n Oyanguren\" width=\"620\" height=\"413\"><\/a><\/p>\n","protected":false},"excerpt":{"rendered":"<p>En dependencias de la Direcci\u00f3n de Operaciones y Conducci\u00f3n Conjunta (DOPCON) del Estado Mayor Conjunto, el Contralmirante Luis Fernando S\u00e1nchez P\u00e9rez se reuni\u00f3 y despidi\u00f3 al efectivo que viajar\u00e1 en representaci\u00f3n de nuestro pa\u00eds, a integrarse a la Misi\u00f3n de Paz en India \u2013 Pakist\u00e1n. El Comandante de Escuadrilla Pablo Varela, de la Fuerza A\u00e9rea&#8230;<\/p>\n","protected":false},"author":6,"featured_media":5823,"comment_status":"closed","ping_status":"closed","sticky":false,"template":"","format":"standard","meta":{"_kad_post_transparent":"","_kad_post_title":"","_kad_post_layout":"","_kad_post_sidebar_id":"","_kad_post_content_style":"","_kad_post_vertical_padding":"","_kad_post_feature":"","_kad_post_feature_position":"","_kad_post_header":false,"_kad_post_footer":false,"footnotes":""},"categories":[17,3],"tags":[],"class_list":["post-3296","post","type-post","status-publish","format-standard","has-post-thumbnail","hentry","category-17","category-noticias"],"_links":{"self":[{"href":"https:\/\/www.emco.mil.cl\/index.php\/wp-json\/wp\/v2\/posts\/3296","targetHints":{"allow":["GET"]}}],"collection":[{"href":"https:\/\/www.emco.mil.cl\/index.php\/wp-json\/wp\/v2\/posts"}],"about":[{"href":"https:\/\/www.emco.mil.cl\/index.php\/wp-json\/wp\/v2\/types\/post"}],"author":[{"embeddable":true,"href":"https:\/\/www.emco.mil.cl\/index.php\/wp-json\/wp\/v2\/users\/6"}],"replies":[{"embeddable":true,"href":"https:\/\/www.emco.mil.cl\/index.php\/wp-json\/wp\/v2\/comments?post=3296"}],"version-history":[{"count":1,"href":"https:\/\/www.emco.mil.cl\/index.php\/wp-json\/wp\/v2\/posts\/3296\/revisions"}],"predecessor-version":[{"id":6007,"href":"https:\/\/www.emco.mil.cl\/index.php\/wp-json\/wp\/v2\/posts\/3296\/revisions\/6007"}],"wp:featuredmedia":[{"embeddable":true,"href":"https:\/\/www.emco.mil.cl\/index.php\/wp-json\/wp\/v2\/media\/5823"}],"wp:attachment":[{"href":"https:\/\/www.emco.mil.cl\/index.php\/wp-json\/wp\/v2\/media?parent=3296"}],"wp:term":[{"taxonomy":"category","embeddable":true,"href":"https:\/\/www.emco.mil.cl\/index.php\/wp-json\/wp\/v2\/categories?post=3296"},{"taxonomy":"post_tag","embeddable":true,"href":"https:\/\/www.emco.mil.cl\/index.php\/wp-json\/wp\/v2\/tags?post=3296"}],"curies":[{"name":"wp","href":"https:\/\/api.w.org\/{rel}","templated":true}]}}