{"id":15102,"date":"2026-04-30T15:12:08","date_gmt":"2026-04-30T19:12:08","guid":{"rendered":"https:\/\/www.emco.mil.cl\/?p=15102"},"modified":"2026-04-30T15:12:08","modified_gmt":"2026-04-30T19:12:08","slug":"vi-reunion-de-la-seccion-nacional-del-sistema-del-tratado-antartico","status":"publish","type":"post","link":"https:\/\/www.emco.mil.cl\/index.php\/2026\/04\/30\/vi-reunion-de-la-seccion-nacional-del-sistema-del-tratado-antartico\/","title":{"rendered":"VI REUNI\u00d3N DE LA SECCI\u00d3N NACIONAL DEL SISTEMA DEL TRATADO ANT\u00c1RTICO"},"content":{"rendered":"\n<p>Este 29 de abril, en dependencias del Ministerio de Relaciones Exteriores, se desarroll\u00f3 la reuni\u00f3n de la Secci\u00f3n Nacional del Sistema del Tratado Ant\u00e1rtico (SNTSA), encabezada por el secretario general de Pol\u00edtica Exterior, embajador Frank Tressler y a la que asisti\u00f3 el Subjefe del Estado Mayor Conjunto, Vicealmirante Juan Pablo Mar\u00edn acompa\u00f1ado del Jefe del Departamento Ant\u00e1rtico Conjunto Capit\u00e1n de Fragata LT Rodrigo Lepe.<\/p>\n\n\n\n<p>En la instancia, a la que asistieron autoridades civiles y militares, se abord\u00f3, entre otros, la conformaci\u00f3n de la delegaci\u00f3n nacional que participar\u00e1 de la 48\u00aa Reuni\u00f3n Consultiva del Tratado Ant\u00e1rtico y de la 28\u00aa Reuni\u00f3n del Comit\u00e9 para la Protecci\u00f3n del Medio Ambiente Ant\u00e1rtico a realizarse en Hiroshima, Jap\u00f3n.<\/p>\n\n\n\n<p>La SNSTA es un comit\u00e9 asesor del Presidente de la Rep\u00fablica para la participaci\u00f3n y coordinaci\u00f3n de Chile en las Reuniones Consultivas del Tratado Ant\u00e1rtico y las reuniones del Comit\u00e9 para la Protecci\u00f3n del Medio Ambiente del Protocolo de Madrid.<\/p>\n\n\n\n<figure class=\"wp-block-gallery has-nested-images columns-default is-cropped wp-block-gallery-1 is-layout-flex wp-block-gallery-is-layout-flex\">\n<figure class=\"wp-block-image size-large\"><img fetchpriority=\"high\" decoding=\"async\" width=\"900\" height=\"600\" data-id=\"15104\" src=\"https:\/\/www.emco.mil.cl\/wp-content\/uploads\/2026\/04\/intranet2-9.jpg\" alt=\"\" class=\"wp-image-15104\" srcset=\"https:\/\/www.emco.mil.cl\/wp-content\/uploads\/2026\/04\/intranet2-9.jpg 900w, https:\/\/www.emco.mil.cl\/wp-content\/uploads\/2026\/04\/intranet2-9-300x200.jpg 300w, https:\/\/www.emco.mil.cl\/wp-content\/uploads\/2026\/04\/intranet2-9-768x512.jpg 768w\" sizes=\"(max-width: 900px) 100vw, 900px\" \/><\/figure>\n\n\n\n<figure class=\"wp-block-image size-large\"><img decoding=\"async\" width=\"900\" height=\"600\" data-id=\"15105\" src=\"https:\/\/www.emco.mil.cl\/wp-content\/uploads\/2026\/04\/intranet3-12.jpg\" alt=\"\" class=\"wp-image-15105\" srcset=\"https:\/\/www.emco.mil.cl\/wp-content\/uploads\/2026\/04\/intranet3-12.jpg 900w, https:\/\/www.emco.mil.cl\/wp-content\/uploads\/2026\/04\/intranet3-12-300x200.jpg 300w, https:\/\/www.emco.mil.cl\/wp-content\/uploads\/2026\/04\/intranet3-12-768x512.jpg 768w\" sizes=\"(max-width: 900px) 100vw, 900px\" \/><\/figure>\n\n\n\n<figure class=\"wp-block-image size-large\"><img decoding=\"async\" width=\"900\" height=\"600\" data-id=\"15106\" src=\"https:\/\/www.emco.mil.cl\/wp-content\/uploads\/2026\/04\/intranet4-4.jpg\" alt=\"\" class=\"wp-image-15106\" srcset=\"https:\/\/www.emco.mil.cl\/wp-content\/uploads\/2026\/04\/intranet4-4.jpg 900w, https:\/\/www.emco.mil.cl\/wp-content\/uploads\/2026\/04\/intranet4-4-300x200.jpg 300w, https:\/\/www.emco.mil.cl\/wp-content\/uploads\/2026\/04\/intranet4-4-768x512.jpg 768w\" sizes=\"(max-width: 900px) 100vw, 900px\" \/><\/figure>\n<\/figure>\n","protected":false},"excerpt":{"rendered":"<p>Este 29 de abril, en dependencias del Ministerio de Relaciones Exteriores, se desarroll\u00f3 la reuni\u00f3n de la Secci\u00f3n Nacional del Sistema del Tratado Ant\u00e1rtico (SNTSA), encabezada por el secretario general de Pol\u00edtica Exterior, embajador Frank Tressler y a la que asisti\u00f3 el Subjefe del Estado Mayor Conjunto, Vicealmirante Juan Pablo Mar\u00edn acompa\u00f1ado del Jefe del&#8230;<\/p>\n","protected":false},"author":7,"featured_media":15103,"comment_status":"closed","ping_status":"closed","sticky":false,"template":"","format":"standard","meta":{"_kad_post_transparent":"","_kad_post_title":"","_kad_post_layout":"","_kad_post_sidebar_id":"","_kad_post_content_style":"","_kad_post_vertical_padding":"","_kad_post_feature":"","_kad_post_feature_position":"","_kad_post_header":false,"_kad_post_footer":false,"footnotes":""},"categories":[41,3],"tags":[],"class_list":["post-15102","post","type-post","status-publish","format-standard","has-post-thumbnail","hentry","category-41","category-noticias"],"_links":{"self":[{"href":"https:\/\/www.emco.mil.cl\/index.php\/wp-json\/wp\/v2\/posts\/15102","targetHints":{"allow":["GET"]}}],"collection":[{"href":"https:\/\/www.emco.mil.cl\/index.php\/wp-json\/wp\/v2\/posts"}],"about":[{"href":"https:\/\/www.emco.mil.cl\/index.php\/wp-json\/wp\/v2\/types\/post"}],"author":[{"embeddable":true,"href":"https:\/\/www.emco.mil.cl\/index.php\/wp-json\/wp\/v2\/users\/7"}],"replies":[{"embeddable":true,"href":"https:\/\/www.emco.mil.cl\/index.php\/wp-json\/wp\/v2\/comments?post=15102"}],"version-history":[{"count":1,"href":"https:\/\/www.emco.mil.cl\/index.php\/wp-json\/wp\/v2\/posts\/15102\/revisions"}],"predecessor-version":[{"id":15107,"href":"https:\/\/www.emco.mil.cl\/index.php\/wp-json\/wp\/v2\/posts\/15102\/revisions\/15107"}],"wp:featuredmedia":[{"embeddable":true,"href":"https:\/\/www.emco.mil.cl\/index.php\/wp-json\/wp\/v2\/media\/15103"}],"wp:attachment":[{"href":"https:\/\/www.emco.mil.cl\/index.php\/wp-json\/wp\/v2\/media?parent=15102"}],"wp:term":[{"taxonomy":"category","embeddable":true,"href":"https:\/\/www.emco.mil.cl\/index.php\/wp-json\/wp\/v2\/categories?post=15102"},{"taxonomy":"post_tag","embeddable":true,"href":"https:\/\/www.emco.mil.cl\/index.php\/wp-json\/wp\/v2\/tags?post=15102"}],"curies":[{"name":"wp","href":"https:\/\/api.w.org\/{rel}","templated":true}]}}