{"id":15096,"date":"2026-04-29T16:47:45","date_gmt":"2026-04-29T20:47:45","guid":{"rendered":"https:\/\/www.emco.mil.cl\/?p=15096"},"modified":"2026-04-29T16:47:45","modified_gmt":"2026-04-29T20:47:45","slug":"finaliza-1ra-reunion-tecnica-bilateral-de-la-fuerza-de-paz-combinada-cruz-del-sur","status":"publish","type":"post","link":"https:\/\/www.emco.mil.cl\/index.php\/2026\/04\/29\/finaliza-1ra-reunion-tecnica-bilateral-de-la-fuerza-de-paz-combinada-cruz-del-sur\/","title":{"rendered":"FINALIZA 1RA REUNI\u00d3N T\u00c9CNICA BILATERAL DE LA FUERZA DE PAZ COMBINADA \u201cCRUZ DEL SUR\u201d"},"content":{"rendered":"\n<p>En la ciudad de Buenos Aires, entre los d\u00edas 20 y 24 de abril de 2026, se desarroll\u00f3 la 1ra Reuni\u00f3n T\u00e9cnica Bilateral de la Fuerza de Paz Combinada \u201cCruz del Sur\u201d, instancia que reuni\u00f3 a representantes de Chile y Argentina con el objetivo de fortalecer el trabajo conjunto combinado y la proyecci\u00f3n de la fuerza.<\/p>\n\n\n\n<p>Durante la reuni\u00f3n se abordaron temas relacionados con el entrenamiento, la planificaci\u00f3n operativa y la cooperaci\u00f3n bilateral, orientados a mejorar la interoperabilidad y preparaci\u00f3n.<\/p>\n\n\n\n<p>Asimismo, se revisaron actividades futuras, destacando la planificaci\u00f3n del Ejercicio de gabinete \u201cAchernar 2026\u201d y otras instancias de intercambio profesional.<\/p>\n\n\n\n<p>La jornada permiti\u00f3 adem\u00e1s avanzar en la actualizaci\u00f3n de lineamientos estrat\u00e9gicos y en iniciativas destinadas a fortalecer la coordinaci\u00f3n y visibilidad de la fuerza en ambos pa\u00edses.<\/p>\n\n\n\n<p>La finalizaci\u00f3n de esta instancia reafirma el compromiso de Chile y Argentina con el fortalecimiento de la cooperaci\u00f3n binacional, consolidando a la Fuerza Combinada \u201cCruz del Sur\u201d como un instrumento relevante para contribuir a la paz y&nbsp; seguridad internacional.<\/p>\n\n\n\n<figure class=\"wp-block-gallery has-nested-images columns-default is-cropped wp-block-gallery-1 is-layout-flex wp-block-gallery-is-layout-flex\">\n<figure class=\"wp-block-image size-large\"><img fetchpriority=\"high\" decoding=\"async\" width=\"900\" height=\"603\" data-id=\"15098\" src=\"https:\/\/www.emco.mil.cl\/wp-content\/uploads\/2026\/04\/intranet1.jpg\" alt=\"\" class=\"wp-image-15098\" srcset=\"https:\/\/www.emco.mil.cl\/wp-content\/uploads\/2026\/04\/intranet1.jpg 900w, https:\/\/www.emco.mil.cl\/wp-content\/uploads\/2026\/04\/intranet1-300x201.jpg 300w, https:\/\/www.emco.mil.cl\/wp-content\/uploads\/2026\/04\/intranet1-768x515.jpg 768w\" sizes=\"(max-width: 900px) 100vw, 900px\" \/><\/figure>\n\n\n\n<figure class=\"wp-block-image size-large\"><img decoding=\"async\" width=\"900\" height=\"600\" data-id=\"15100\" src=\"https:\/\/www.emco.mil.cl\/wp-content\/uploads\/2026\/04\/intranet2-8.jpg\" alt=\"\" class=\"wp-image-15100\" srcset=\"https:\/\/www.emco.mil.cl\/wp-content\/uploads\/2026\/04\/intranet2-8.jpg 900w, https:\/\/www.emco.mil.cl\/wp-content\/uploads\/2026\/04\/intranet2-8-300x200.jpg 300w, https:\/\/www.emco.mil.cl\/wp-content\/uploads\/2026\/04\/intranet2-8-768x512.jpg 768w\" sizes=\"(max-width: 900px) 100vw, 900px\" \/><\/figure>\n\n\n\n<figure class=\"wp-block-image size-large\"><img decoding=\"async\" width=\"900\" height=\"600\" data-id=\"15099\" src=\"https:\/\/www.emco.mil.cl\/wp-content\/uploads\/2026\/04\/intranet3-11.jpg\" alt=\"\" class=\"wp-image-15099\" srcset=\"https:\/\/www.emco.mil.cl\/wp-content\/uploads\/2026\/04\/intranet3-11.jpg 900w, https:\/\/www.emco.mil.cl\/wp-content\/uploads\/2026\/04\/intranet3-11-300x200.jpg 300w, https:\/\/www.emco.mil.cl\/wp-content\/uploads\/2026\/04\/intranet3-11-768x512.jpg 768w\" sizes=\"(max-width: 900px) 100vw, 900px\" \/><\/figure>\n<\/figure>\n","protected":false},"excerpt":{"rendered":"<p>En la ciudad de Buenos Aires, entre los d\u00edas 20 y 24 de abril de 2026, se desarroll\u00f3 la 1ra Reuni\u00f3n T\u00e9cnica Bilateral de la Fuerza de Paz Combinada \u201cCruz del Sur\u201d, instancia que reuni\u00f3 a representantes de Chile y Argentina con el objetivo de fortalecer el trabajo conjunto combinado y la proyecci\u00f3n de la&#8230;<\/p>\n","protected":false},"author":7,"featured_media":15097,"comment_status":"closed","ping_status":"closed","sticky":false,"template":"","format":"standard","meta":{"_kad_post_transparent":"","_kad_post_title":"","_kad_post_layout":"","_kad_post_sidebar_id":"","_kad_post_content_style":"","_kad_post_vertical_padding":"","_kad_post_feature":"","_kad_post_feature_position":"","_kad_post_header":false,"_kad_post_footer":false,"footnotes":""},"categories":[30],"tags":[],"class_list":["post-15096","post","type-post","status-publish","format-standard","has-post-thumbnail","hentry","category-30"],"_links":{"self":[{"href":"https:\/\/www.emco.mil.cl\/index.php\/wp-json\/wp\/v2\/posts\/15096","targetHints":{"allow":["GET"]}}],"collection":[{"href":"https:\/\/www.emco.mil.cl\/index.php\/wp-json\/wp\/v2\/posts"}],"about":[{"href":"https:\/\/www.emco.mil.cl\/index.php\/wp-json\/wp\/v2\/types\/post"}],"author":[{"embeddable":true,"href":"https:\/\/www.emco.mil.cl\/index.php\/wp-json\/wp\/v2\/users\/7"}],"replies":[{"embeddable":true,"href":"https:\/\/www.emco.mil.cl\/index.php\/wp-json\/wp\/v2\/comments?post=15096"}],"version-history":[{"count":1,"href":"https:\/\/www.emco.mil.cl\/index.php\/wp-json\/wp\/v2\/posts\/15096\/revisions"}],"predecessor-version":[{"id":15101,"href":"https:\/\/www.emco.mil.cl\/index.php\/wp-json\/wp\/v2\/posts\/15096\/revisions\/15101"}],"wp:featuredmedia":[{"embeddable":true,"href":"https:\/\/www.emco.mil.cl\/index.php\/wp-json\/wp\/v2\/media\/15097"}],"wp:attachment":[{"href":"https:\/\/www.emco.mil.cl\/index.php\/wp-json\/wp\/v2\/media?parent=15096"}],"wp:term":[{"taxonomy":"category","embeddable":true,"href":"https:\/\/www.emco.mil.cl\/index.php\/wp-json\/wp\/v2\/categories?post=15096"},{"taxonomy":"post_tag","embeddable":true,"href":"https:\/\/www.emco.mil.cl\/index.php\/wp-json\/wp\/v2\/tags?post=15096"}],"curies":[{"name":"wp","href":"https:\/\/api.w.org\/{rel}","templated":true}]}}