{"id":15074,"date":"2026-04-27T12:22:56","date_gmt":"2026-04-27T16:22:56","guid":{"rendered":"https:\/\/www.emco.mil.cl\/?p=15074"},"modified":"2026-04-27T12:22:56","modified_gmt":"2026-04-27T16:22:56","slug":"clase-magistral-de-senapred-en-dependencias-del-comando-conjunto-austral","status":"publish","type":"post","link":"https:\/\/www.emco.mil.cl\/index.php\/2026\/04\/27\/clase-magistral-de-senapred-en-dependencias-del-comando-conjunto-austral\/","title":{"rendered":"CLASE MAGISTRAL DE SENAPRED EN DEPENDENCIAS DEL COMANDO CONJUNTO AUSTRAL"},"content":{"rendered":"\n<p>En un esfuerzo por potenciar la resiliencia y la preparaci\u00f3n ante emergencias en la regi\u00f3n de Magallanes y Ant\u00e1rtica Chilena, el Director Regional del Servicio Nacional de Prevenci\u00f3n y Respuestas ante Desastres (SENAPRED) Juan Carlos Andrades encabez\u00f3 una jornada de capacitaci\u00f3n t\u00e9cnica en las dependencias del Comando Conjunto Austral.<\/p>\n\n\n\n<p>En la instancia, el Director Regional de SENAPRED enfatiz\u00f3 en la importancia de consolidar una cultura preventiva dentro de las Instituciones del Estado, profundizando en el funcionamiento del Sistema Nacional de Prevenci\u00f3n y Respuestas ante Desastres (SINAPRED) con la planificaci\u00f3n institucional.<\/p>\n\n\n\n<p>De esta manera, se entreg\u00f3 una detallada explicaci\u00f3n sobre los protocolos de actuaci\u00f3n y la estructura de coordinaci\u00f3n necesaria para enfrentar situaciones de cat\u00e1strofe y\/o emergencia regional.<\/p>\n\n\n\n<p>Tras la clase magistral, se realiz\u00f3 la ceremonia de certificaci\u00f3n para los integrantes del Comando Conjunto Austral que finalizaron con \u00e9xito diversos cursos de capacitaci\u00f3n impartidos a trav\u00e9s de la plataforma digital de SENAPRED.<\/p>\n\n\n\n<p>Este hito refuerza la alianza estrat\u00e9gica entre el organismo civil y las Fuerzas Armadas, garantizando una respuesta institucional m\u00e1s robusta y eficiente para la comunidad austral.<\/p>\n\n\n\n<figure class=\"wp-block-gallery has-nested-images columns-default is-cropped wp-block-gallery-1 is-layout-flex wp-block-gallery-is-layout-flex\">\n<figure class=\"wp-block-image size-large\"><img fetchpriority=\"high\" decoding=\"async\" width=\"900\" height=\"600\" data-id=\"15077\" src=\"https:\/\/www.emco.mil.cl\/wp-content\/uploads\/2026\/04\/INTRANET-8.jpg\" alt=\"\" class=\"wp-image-15077\" srcset=\"https:\/\/www.emco.mil.cl\/wp-content\/uploads\/2026\/04\/INTRANET-8.jpg 900w, https:\/\/www.emco.mil.cl\/wp-content\/uploads\/2026\/04\/INTRANET-8-300x200.jpg 300w, https:\/\/www.emco.mil.cl\/wp-content\/uploads\/2026\/04\/INTRANET-8-768x512.jpg 768w\" sizes=\"(max-width: 900px) 100vw, 900px\" \/><\/figure>\n\n\n\n<figure class=\"wp-block-image size-large\"><img decoding=\"async\" width=\"900\" height=\"599\" data-id=\"15076\" src=\"https:\/\/www.emco.mil.cl\/wp-content\/uploads\/2026\/04\/INTRANET2-7.jpg\" alt=\"\" class=\"wp-image-15076\" srcset=\"https:\/\/www.emco.mil.cl\/wp-content\/uploads\/2026\/04\/INTRANET2-7.jpg 900w, https:\/\/www.emco.mil.cl\/wp-content\/uploads\/2026\/04\/INTRANET2-7-300x200.jpg 300w, https:\/\/www.emco.mil.cl\/wp-content\/uploads\/2026\/04\/INTRANET2-7-768x511.jpg 768w\" sizes=\"(max-width: 900px) 100vw, 900px\" \/><\/figure>\n\n\n\n<figure class=\"wp-block-image size-large\"><img decoding=\"async\" width=\"900\" height=\"604\" data-id=\"15078\" src=\"https:\/\/www.emco.mil.cl\/wp-content\/uploads\/2026\/04\/INTRANET3-10.jpg\" alt=\"\" class=\"wp-image-15078\" srcset=\"https:\/\/www.emco.mil.cl\/wp-content\/uploads\/2026\/04\/INTRANET3-10.jpg 900w, https:\/\/www.emco.mil.cl\/wp-content\/uploads\/2026\/04\/INTRANET3-10-300x201.jpg 300w, https:\/\/www.emco.mil.cl\/wp-content\/uploads\/2026\/04\/INTRANET3-10-768x515.jpg 768w\" sizes=\"(max-width: 900px) 100vw, 900px\" \/><\/figure>\n\n\n\n<figure class=\"wp-block-image size-large\"><img loading=\"lazy\" decoding=\"async\" width=\"900\" height=\"602\" data-id=\"15079\" src=\"https:\/\/www.emco.mil.cl\/wp-content\/uploads\/2026\/04\/INTRANET4-3.jpg\" alt=\"\" class=\"wp-image-15079\" srcset=\"https:\/\/www.emco.mil.cl\/wp-content\/uploads\/2026\/04\/INTRANET4-3.jpg 900w, https:\/\/www.emco.mil.cl\/wp-content\/uploads\/2026\/04\/INTRANET4-3-300x201.jpg 300w, https:\/\/www.emco.mil.cl\/wp-content\/uploads\/2026\/04\/INTRANET4-3-768x514.jpg 768w\" sizes=\"(max-width: 900px) 100vw, 900px\" \/><\/figure>\n<\/figure>\n","protected":false},"excerpt":{"rendered":"<p>En un esfuerzo por potenciar la resiliencia y la preparaci\u00f3n ante emergencias en la regi\u00f3n de Magallanes y Ant\u00e1rtica Chilena, el Director Regional del Servicio Nacional de Prevenci\u00f3n y Respuestas ante Desastres (SENAPRED) Juan Carlos Andrades encabez\u00f3 una jornada de capacitaci\u00f3n t\u00e9cnica en las dependencias del Comando Conjunto Austral. En la instancia, el Director Regional&#8230;<\/p>\n","protected":false},"author":7,"featured_media":15075,"comment_status":"closed","ping_status":"closed","sticky":false,"template":"","format":"standard","meta":{"_kad_post_transparent":"","_kad_post_title":"","_kad_post_layout":"","_kad_post_sidebar_id":"","_kad_post_content_style":"","_kad_post_vertical_padding":"","_kad_post_feature":"","_kad_post_feature_position":"","_kad_post_header":false,"_kad_post_footer":false,"footnotes":""},"categories":[41,3],"tags":[],"class_list":["post-15074","post","type-post","status-publish","format-standard","has-post-thumbnail","hentry","category-41","category-noticias"],"_links":{"self":[{"href":"https:\/\/www.emco.mil.cl\/index.php\/wp-json\/wp\/v2\/posts\/15074","targetHints":{"allow":["GET"]}}],"collection":[{"href":"https:\/\/www.emco.mil.cl\/index.php\/wp-json\/wp\/v2\/posts"}],"about":[{"href":"https:\/\/www.emco.mil.cl\/index.php\/wp-json\/wp\/v2\/types\/post"}],"author":[{"embeddable":true,"href":"https:\/\/www.emco.mil.cl\/index.php\/wp-json\/wp\/v2\/users\/7"}],"replies":[{"embeddable":true,"href":"https:\/\/www.emco.mil.cl\/index.php\/wp-json\/wp\/v2\/comments?post=15074"}],"version-history":[{"count":1,"href":"https:\/\/www.emco.mil.cl\/index.php\/wp-json\/wp\/v2\/posts\/15074\/revisions"}],"predecessor-version":[{"id":15080,"href":"https:\/\/www.emco.mil.cl\/index.php\/wp-json\/wp\/v2\/posts\/15074\/revisions\/15080"}],"wp:featuredmedia":[{"embeddable":true,"href":"https:\/\/www.emco.mil.cl\/index.php\/wp-json\/wp\/v2\/media\/15075"}],"wp:attachment":[{"href":"https:\/\/www.emco.mil.cl\/index.php\/wp-json\/wp\/v2\/media?parent=15074"}],"wp:term":[{"taxonomy":"category","embeddable":true,"href":"https:\/\/www.emco.mil.cl\/index.php\/wp-json\/wp\/v2\/categories?post=15074"},{"taxonomy":"post_tag","embeddable":true,"href":"https:\/\/www.emco.mil.cl\/index.php\/wp-json\/wp\/v2\/tags?post=15074"}],"curies":[{"name":"wp","href":"https:\/\/api.w.org\/{rel}","templated":true}]}}