{"id":15063,"date":"2026-04-27T09:57:16","date_gmt":"2026-04-27T13:57:16","guid":{"rendered":"https:\/\/www.emco.mil.cl\/?p=15063"},"modified":"2026-04-27T09:57:16","modified_gmt":"2026-04-27T13:57:16","slug":"primera-reunion-de-planificacion-para-ejercicio-conjunto-combinado-e-interagencial-solidaridad","status":"publish","type":"post","link":"https:\/\/www.emco.mil.cl\/index.php\/2026\/04\/27\/primera-reunion-de-planificacion-para-ejercicio-conjunto-combinado-e-interagencial-solidaridad\/","title":{"rendered":"PRIMERA REUNI\u00d3N DE PLANIFICACI\u00d3N PARA EJERCICIO CONJUNTO, COMBINADO E INTERAGENCIAL \u201cSOLIDARIDAD\u201d"},"content":{"rendered":"\n<p>Entre el 21 y el 24 de abril y en cumplimiento al Acuerdo de Cooperaci\u00f3n en Materia de Cat\u00e1strofes entre las Fuerzas Armadas de Chile y Argentina, se desarroll\u00f3 la Primera Reuni\u00f3n de Planificaci\u00f3n a\u00f1o 2026 para el Ejercicio Conjunto, Combinado e interagencial \u201cSolidaridad\u201d.<\/p>\n\n\n\n<p>En esta oportunidad, particip\u00f3 una comisi\u00f3n conformada por el Estado Mayor Conjunto de las Fuerzas Armadas Argentinas, integrada por personal del Comando Conjunto de Protecci\u00f3n Civil en Emergencias y de la Direcci\u00f3n Militar de Asistencia en Emergencias, liderada por su director, Coronel Miguel \u00c1ngel Wissinger. Por parte de Chile, participaron integrantes de la Direcci\u00f3n de Educaci\u00f3n, Doctrina y Entrenamiento Conjunto liderada por su director, General de Brigada Ricardo Duarte.&nbsp;<\/p>\n\n\n\n<p>Estas reuniones se enmarcan en la metodolog\u00eda acordada entre las partes, basada en per\u00edodos de tres a\u00f1os, donde se desarrollan actividades de planificaci\u00f3n en el primer a\u00f1o, un ejercicio de gabinete en el segundo y un ejercicio con tropas en el tercero.&nbsp;<\/p>\n\n\n\n<p>Durante la semana, las delegaciones de ambos pa\u00edses realizaron las exposiciones respectivas y compartieron las experiencias del ejercicio con tropas realizado en Puerto Varas el a\u00f1o pasado, instancia en la que intercambiaron conclusiones y sugerencias para el proceso trienal que deber\u00e1 culminar con un ejercicio con tropas en territorio argentino el a\u00f1o 2028.<\/p>\n\n\n\n<p>En la instancia, se lograron acuerdos necesarios para dar inicio al ciclo, principalmente, en lo relacionado a los par\u00e1metros preliminares de planificaci\u00f3n y posible escenario, lo cual permite dar continuidad al trabajo conjunto con las Instituciones y abordar las tareas que debe realizar el pa\u00eds asistente en el escenario trasandino.<\/p>\n\n\n\n<p>Finalmente, la delegaci\u00f3n argentina realiz\u00f3 un saludo protocolar al Jefe del Estado Mayor Conjunto, General de Aviaci\u00f3n Leonardo Romanini y como aporte al cumplimiento del intercambio profesional y fortalecimiento de las confianzas mutuas, efectuaron una visita t\u00e9cnica y de conocimiento a las instalaciones de las oficinas del SENAPRED.&nbsp;<\/p>\n\n\n\n<figure class=\"wp-block-gallery has-nested-images columns-default is-cropped wp-block-gallery-1 is-layout-flex wp-block-gallery-is-layout-flex\">\n<figure class=\"wp-block-image size-large\"><img fetchpriority=\"high\" decoding=\"async\" width=\"900\" height=\"603\" data-id=\"15065\" src=\"https:\/\/www.emco.mil.cl\/wp-content\/uploads\/2026\/04\/INTRANET-7.jpg\" alt=\"\" class=\"wp-image-15065\" srcset=\"https:\/\/www.emco.mil.cl\/wp-content\/uploads\/2026\/04\/INTRANET-7.jpg 900w, https:\/\/www.emco.mil.cl\/wp-content\/uploads\/2026\/04\/INTRANET-7-300x201.jpg 300w, https:\/\/www.emco.mil.cl\/wp-content\/uploads\/2026\/04\/INTRANET-7-768x515.jpg 768w\" sizes=\"(max-width: 900px) 100vw, 900px\" \/><\/figure>\n\n\n\n<figure class=\"wp-block-image size-large\"><img decoding=\"async\" width=\"900\" height=\"599\" data-id=\"15068\" src=\"https:\/\/www.emco.mil.cl\/wp-content\/uploads\/2026\/04\/INTRANET2-6.jpg\" alt=\"\" class=\"wp-image-15068\" srcset=\"https:\/\/www.emco.mil.cl\/wp-content\/uploads\/2026\/04\/INTRANET2-6.jpg 900w, https:\/\/www.emco.mil.cl\/wp-content\/uploads\/2026\/04\/INTRANET2-6-300x200.jpg 300w, https:\/\/www.emco.mil.cl\/wp-content\/uploads\/2026\/04\/INTRANET2-6-768x511.jpg 768w\" sizes=\"(max-width: 900px) 100vw, 900px\" \/><\/figure>\n\n\n\n<figure class=\"wp-block-image size-large\"><img decoding=\"async\" width=\"900\" height=\"603\" data-id=\"15067\" src=\"https:\/\/www.emco.mil.cl\/wp-content\/uploads\/2026\/04\/INTRANET3-9.jpg\" alt=\"\" class=\"wp-image-15067\" srcset=\"https:\/\/www.emco.mil.cl\/wp-content\/uploads\/2026\/04\/INTRANET3-9.jpg 900w, https:\/\/www.emco.mil.cl\/wp-content\/uploads\/2026\/04\/INTRANET3-9-300x201.jpg 300w, https:\/\/www.emco.mil.cl\/wp-content\/uploads\/2026\/04\/INTRANET3-9-768x515.jpg 768w\" sizes=\"(max-width: 900px) 100vw, 900px\" \/><\/figure>\n\n\n\n<figure class=\"wp-block-image size-large\"><img loading=\"lazy\" decoding=\"async\" width=\"900\" height=\"601\" data-id=\"15066\" src=\"https:\/\/www.emco.mil.cl\/wp-content\/uploads\/2026\/04\/INTRANET4-2.jpg\" alt=\"\" class=\"wp-image-15066\" srcset=\"https:\/\/www.emco.mil.cl\/wp-content\/uploads\/2026\/04\/INTRANET4-2.jpg 900w, https:\/\/www.emco.mil.cl\/wp-content\/uploads\/2026\/04\/INTRANET4-2-300x200.jpg 300w, https:\/\/www.emco.mil.cl\/wp-content\/uploads\/2026\/04\/INTRANET4-2-768x513.jpg 768w\" sizes=\"(max-width: 900px) 100vw, 900px\" \/><\/figure>\n\n\n\n<figure class=\"wp-block-image size-large\"><img loading=\"lazy\" decoding=\"async\" width=\"900\" height=\"603\" data-id=\"15069\" src=\"https:\/\/www.emco.mil.cl\/wp-content\/uploads\/2026\/04\/INTRANET5-6.jpg\" alt=\"\" class=\"wp-image-15069\" srcset=\"https:\/\/www.emco.mil.cl\/wp-content\/uploads\/2026\/04\/INTRANET5-6.jpg 900w, https:\/\/www.emco.mil.cl\/wp-content\/uploads\/2026\/04\/INTRANET5-6-300x201.jpg 300w, https:\/\/www.emco.mil.cl\/wp-content\/uploads\/2026\/04\/INTRANET5-6-768x515.jpg 768w\" sizes=\"(max-width: 900px) 100vw, 900px\" \/><\/figure>\n\n\n\n<figure class=\"wp-block-image size-large\"><img loading=\"lazy\" decoding=\"async\" width=\"900\" height=\"602\" data-id=\"15070\" src=\"https:\/\/www.emco.mil.cl\/wp-content\/uploads\/2026\/04\/INTRANET6-6.jpg\" alt=\"\" class=\"wp-image-15070\" srcset=\"https:\/\/www.emco.mil.cl\/wp-content\/uploads\/2026\/04\/INTRANET6-6.jpg 900w, https:\/\/www.emco.mil.cl\/wp-content\/uploads\/2026\/04\/INTRANET6-6-300x201.jpg 300w, https:\/\/www.emco.mil.cl\/wp-content\/uploads\/2026\/04\/INTRANET6-6-768x514.jpg 768w\" sizes=\"(max-width: 900px) 100vw, 900px\" \/><\/figure>\n\n\n\n<figure class=\"wp-block-image size-large\"><img loading=\"lazy\" decoding=\"async\" width=\"900\" height=\"599\" data-id=\"15071\" src=\"https:\/\/www.emco.mil.cl\/wp-content\/uploads\/2026\/04\/INTRANET7-2.jpg\" alt=\"\" class=\"wp-image-15071\" srcset=\"https:\/\/www.emco.mil.cl\/wp-content\/uploads\/2026\/04\/INTRANET7-2.jpg 900w, https:\/\/www.emco.mil.cl\/wp-content\/uploads\/2026\/04\/INTRANET7-2-300x200.jpg 300w, https:\/\/www.emco.mil.cl\/wp-content\/uploads\/2026\/04\/INTRANET7-2-768x511.jpg 768w\" sizes=\"(max-width: 900px) 100vw, 900px\" \/><\/figure>\n\n\n\n<figure class=\"wp-block-image size-large\"><img loading=\"lazy\" decoding=\"async\" width=\"900\" height=\"600\" data-id=\"15072\" src=\"https:\/\/www.emco.mil.cl\/wp-content\/uploads\/2026\/04\/INTRANET8-1.jpg\" alt=\"\" class=\"wp-image-15072\" srcset=\"https:\/\/www.emco.mil.cl\/wp-content\/uploads\/2026\/04\/INTRANET8-1.jpg 900w, https:\/\/www.emco.mil.cl\/wp-content\/uploads\/2026\/04\/INTRANET8-1-300x200.jpg 300w, https:\/\/www.emco.mil.cl\/wp-content\/uploads\/2026\/04\/INTRANET8-1-768x512.jpg 768w\" sizes=\"(max-width: 900px) 100vw, 900px\" \/><\/figure>\n<\/figure>\n","protected":false},"excerpt":{"rendered":"<p>Entre el 21 y el 24 de abril y en cumplimiento al Acuerdo de Cooperaci\u00f3n en Materia de Cat\u00e1strofes entre las Fuerzas Armadas de Chile y Argentina, se desarroll\u00f3 la Primera Reuni\u00f3n de Planificaci\u00f3n a\u00f1o 2026 para el Ejercicio Conjunto, Combinado e interagencial \u201cSolidaridad\u201d. En esta oportunidad, particip\u00f3 una comisi\u00f3n conformada por el Estado Mayor&#8230;<\/p>\n","protected":false},"author":7,"featured_media":15064,"comment_status":"closed","ping_status":"closed","sticky":false,"template":"","format":"standard","meta":{"_kad_post_transparent":"","_kad_post_title":"","_kad_post_layout":"","_kad_post_sidebar_id":"","_kad_post_content_style":"","_kad_post_vertical_padding":"","_kad_post_feature":"","_kad_post_feature_position":"","_kad_post_header":false,"_kad_post_footer":false,"footnotes":""},"categories":[41,3],"tags":[],"class_list":["post-15063","post","type-post","status-publish","format-standard","has-post-thumbnail","hentry","category-41","category-noticias"],"_links":{"self":[{"href":"https:\/\/www.emco.mil.cl\/index.php\/wp-json\/wp\/v2\/posts\/15063","targetHints":{"allow":["GET"]}}],"collection":[{"href":"https:\/\/www.emco.mil.cl\/index.php\/wp-json\/wp\/v2\/posts"}],"about":[{"href":"https:\/\/www.emco.mil.cl\/index.php\/wp-json\/wp\/v2\/types\/post"}],"author":[{"embeddable":true,"href":"https:\/\/www.emco.mil.cl\/index.php\/wp-json\/wp\/v2\/users\/7"}],"replies":[{"embeddable":true,"href":"https:\/\/www.emco.mil.cl\/index.php\/wp-json\/wp\/v2\/comments?post=15063"}],"version-history":[{"count":1,"href":"https:\/\/www.emco.mil.cl\/index.php\/wp-json\/wp\/v2\/posts\/15063\/revisions"}],"predecessor-version":[{"id":15073,"href":"https:\/\/www.emco.mil.cl\/index.php\/wp-json\/wp\/v2\/posts\/15063\/revisions\/15073"}],"wp:featuredmedia":[{"embeddable":true,"href":"https:\/\/www.emco.mil.cl\/index.php\/wp-json\/wp\/v2\/media\/15064"}],"wp:attachment":[{"href":"https:\/\/www.emco.mil.cl\/index.php\/wp-json\/wp\/v2\/media?parent=15063"}],"wp:term":[{"taxonomy":"category","embeddable":true,"href":"https:\/\/www.emco.mil.cl\/index.php\/wp-json\/wp\/v2\/categories?post=15063"},{"taxonomy":"post_tag","embeddable":true,"href":"https:\/\/www.emco.mil.cl\/index.php\/wp-json\/wp\/v2\/tags?post=15063"}],"curies":[{"name":"wp","href":"https:\/\/api.w.org\/{rel}","templated":true}]}}