{"id":14268,"date":"2025-10-27T12:11:06","date_gmt":"2025-10-27T15:11:06","guid":{"rendered":"https:\/\/www.emco.mil.cl\/?p=14268"},"modified":"2025-10-27T12:11:06","modified_gmt":"2025-10-27T15:11:06","slug":"clausura-10a-reunion-de-ministros-de-defensa-del-pacifico-sur","status":"publish","type":"post","link":"https:\/\/www.emco.mil.cl\/index.php\/2025\/10\/27\/clausura-10a-reunion-de-ministros-de-defensa-del-pacifico-sur\/","title":{"rendered":"CLAUSURA 10\u00aa REUNI\u00d3N DE MINISTROS DE DEFENSA DEL PAC\u00cdFICO SUR"},"content":{"rendered":"\n<p>Con el compromiso de reforzar la cooperaci\u00f3n para abordar los desaf\u00edos comunes en temas como la lucha contra el crimen organizado, la respuesta ante desastres provocados por el cambio clim\u00e1tico y la incorporaci\u00f3n de la mujer al sector defensa, culmin\u00f3 este viernes la 10\u00aa Reuni\u00f3n de Ministros de Defensa del Pac\u00edfico Sur (SPDMM), realizada entre el 22 y el 24 de octubre en Vi\u00f1a del Mar.<\/p>\n\n\n\n<p>En el cierre del encuentro y acompa\u00f1ada por los jefes de las delegaciones de Australia, Fiji, Pap\u00faa Nueva Guinea, Tonga, Nueva Zelanda y Francia, la ministra de Defensa Nacional, Adriana Delpiano, explic\u00f3 que durante el encuentro los representantes \u201cabordamos las nuevas tendencias de seguridad y subrayamos la importancia de la colaboraci\u00f3n operacional entre sus fuerzas militares, para garantizar una regi\u00f3n segura, resiliente y en paz\u201d.<\/p>\n\n\n\n<p>\u201cAdem\u00e1s, renovamos el compromiso de cooperaci\u00f3n ante desastres inducidos por el cambio clim\u00e1tico, la creciente demanda de asistencia humanitaria y la necesidad de enfrentar amenazas mar\u00edtimas no tradicionales, como el crimen organizado transnacional\u201d, a\u00f1adi\u00f3 la secretaria de Estado.<\/p>\n\n\n\n<p>La ministra Delpiano anunci\u00f3 que los pa\u00edses miembros de SPDMM acordaron realizar un ejercicio militar conjunto en Rapa Nui: \u201cLas autoridades acogieron de muy buena manera la propuesta de Chile para establecer un ejercicio militar conjunto bienal entre los pa\u00edses miembros de la instancia, en las aguas territoriales del pa\u00eds, probablemente en Isla de Pascua, una vez que hayamos hecho las conversaciones con las autoridades de la isla\u201d.<\/p>\n\n\n\n<p>El objetivo de la maniobra ser\u00e1 potenciar la colaboraci\u00f3n para enfrentar amenazas a la seguridad mar\u00edtima y la asistencia humanitaria ante desastres. \u201cEste es un resultado que refleja de forma clara la manera en que trabajamos con nuestros vecinos del pac\u00edfico para mejorar la seguridad del pa\u00eds y de todos\u201d, se\u00f1al\u00f3 la autoridad.<\/p>\n\n\n\n<p>En cuanto a la incorporaci\u00f3n de la mujer a las instituciones de la defensa, Delpiano afirm\u00f3 que durante la reuni\u00f3n \u201cse destac\u00f3 la importancia de continuar trabajando para potenciar el liderazgo de las mujeres en la seguridad regional. Este es un tema de primera relevancia que se ha impulsado en la instancia, seguiremos avanzando con fuerza para integrar a las mujeres en cada espacio de la defensa, la construcci\u00f3n y seguridad y paz a nivel internacional\u201d.<\/p>\n\n\n\n<p>La ministra de Defensa concluy\u00f3 agradeciendo a los pa\u00edses miembro por su activa participaci\u00f3n en la cita, que en su versi\u00f3n 2026 se realizar\u00e1 en Fiji.<\/p>\n\n\n\n<p>Adem\u00e1s de la ministra Delpiano, integraron la delegaci\u00f3n chilena el subsecretario de Defensa, Ricardo Montero, y el Jefe del Estado Mayor Conjunto, general de aviaci\u00f3n Leonardo Romanini.<\/p>\n\n\n\n<p>Como jefes de las delegaciones extranjeras participaron el viceprimer ministro y ministro de Defensa de Australia, Richard Marles; el pr\u00edncipe heredero al trono y ministro de Fuerzas Armadas de Tonga, Tupuoto\u2019a Ulukalala; el ministro de Defensa de Fiji, Pio Tikoduadua; el ministro de Defensa de Pap\u00faa Nueva Guinea, Billy Joseph; el viceministro de Defensa de Nueva Zelanda, Chris Penk; y el director adjunto de Relaciones Internacionales del Ministerio de Defensa de Francia, teniente general Eric Peltier.<\/p>\n\n\n\n<p>Adicionalmente, participan altos representantes de los ministerios de Defensa de los pa\u00edses observadores: el subsecretario de Guerra (I) para Asuntos de Seguridad del Indopac\u00edfico de Estados Unidos, Jed P. Royal; la directora general del Ministerio de Defensa de Jap\u00f3n, Mitsuko Hayashi; y el director de Seguridad Internacional del Ministerio de Defensa del Reino Unido, Ben Merrick.<\/p>\n\n\n\n<figure class=\"wp-block-gallery has-nested-images columns-default is-cropped wp-block-gallery-1 is-layout-flex wp-block-gallery-is-layout-flex\">\n<figure class=\"wp-block-image size-large\"><img fetchpriority=\"high\" decoding=\"async\" width=\"900\" height=\"611\" data-id=\"14270\" src=\"https:\/\/www.emco.mil.cl\/wp-content\/uploads\/2025\/10\/INTRANET-1.jpg\" alt=\"\" class=\"wp-image-14270\" srcset=\"https:\/\/www.emco.mil.cl\/wp-content\/uploads\/2025\/10\/INTRANET-1.jpg 900w, https:\/\/www.emco.mil.cl\/wp-content\/uploads\/2025\/10\/INTRANET-1-300x204.jpg 300w, https:\/\/www.emco.mil.cl\/wp-content\/uploads\/2025\/10\/INTRANET-1-768x521.jpg 768w\" sizes=\"(max-width: 900px) 100vw, 900px\" \/><\/figure>\n\n\n\n<figure class=\"wp-block-image size-large\"><img decoding=\"async\" width=\"900\" height=\"603\" data-id=\"14274\" src=\"https:\/\/www.emco.mil.cl\/wp-content\/uploads\/2025\/10\/intranet2-1.jpg\" alt=\"\" class=\"wp-image-14274\" srcset=\"https:\/\/www.emco.mil.cl\/wp-content\/uploads\/2025\/10\/intranet2-1.jpg 900w, https:\/\/www.emco.mil.cl\/wp-content\/uploads\/2025\/10\/intranet2-1-300x201.jpg 300w, https:\/\/www.emco.mil.cl\/wp-content\/uploads\/2025\/10\/intranet2-1-768x515.jpg 768w\" sizes=\"(max-width: 900px) 100vw, 900px\" \/><\/figure>\n\n\n\n<figure class=\"wp-block-image size-large\"><img decoding=\"async\" width=\"900\" height=\"601\" data-id=\"14272\" src=\"https:\/\/www.emco.mil.cl\/wp-content\/uploads\/2025\/10\/intranet3.jpg\" alt=\"\" class=\"wp-image-14272\" srcset=\"https:\/\/www.emco.mil.cl\/wp-content\/uploads\/2025\/10\/intranet3.jpg 900w, https:\/\/www.emco.mil.cl\/wp-content\/uploads\/2025\/10\/intranet3-300x200.jpg 300w, https:\/\/www.emco.mil.cl\/wp-content\/uploads\/2025\/10\/intranet3-768x513.jpg 768w\" sizes=\"(max-width: 900px) 100vw, 900px\" \/><\/figure>\n\n\n\n<figure class=\"wp-block-image size-large\"><img loading=\"lazy\" decoding=\"async\" width=\"900\" height=\"601\" data-id=\"14271\" src=\"https:\/\/www.emco.mil.cl\/wp-content\/uploads\/2025\/10\/intranet4.jpg\" alt=\"\" class=\"wp-image-14271\" srcset=\"https:\/\/www.emco.mil.cl\/wp-content\/uploads\/2025\/10\/intranet4.jpg 900w, https:\/\/www.emco.mil.cl\/wp-content\/uploads\/2025\/10\/intranet4-300x200.jpg 300w, https:\/\/www.emco.mil.cl\/wp-content\/uploads\/2025\/10\/intranet4-768x513.jpg 768w\" sizes=\"(max-width: 900px) 100vw, 900px\" \/><\/figure>\n\n\n\n<figure class=\"wp-block-image size-large\"><img loading=\"lazy\" decoding=\"async\" width=\"900\" height=\"601\" data-id=\"14273\" src=\"https:\/\/www.emco.mil.cl\/wp-content\/uploads\/2025\/10\/intranet5.jpg\" alt=\"\" class=\"wp-image-14273\" srcset=\"https:\/\/www.emco.mil.cl\/wp-content\/uploads\/2025\/10\/intranet5.jpg 900w, https:\/\/www.emco.mil.cl\/wp-content\/uploads\/2025\/10\/intranet5-300x200.jpg 300w, https:\/\/www.emco.mil.cl\/wp-content\/uploads\/2025\/10\/intranet5-768x513.jpg 768w\" sizes=\"(max-width: 900px) 100vw, 900px\" \/><\/figure>\n\n\n\n<figure class=\"wp-block-image size-large\"><img loading=\"lazy\" decoding=\"async\" width=\"900\" height=\"601\" data-id=\"14275\" src=\"https:\/\/www.emco.mil.cl\/wp-content\/uploads\/2025\/10\/intranet6.jpg\" alt=\"\" class=\"wp-image-14275\" srcset=\"https:\/\/www.emco.mil.cl\/wp-content\/uploads\/2025\/10\/intranet6.jpg 900w, https:\/\/www.emco.mil.cl\/wp-content\/uploads\/2025\/10\/intranet6-300x200.jpg 300w, https:\/\/www.emco.mil.cl\/wp-content\/uploads\/2025\/10\/intranet6-768x513.jpg 768w\" sizes=\"(max-width: 900px) 100vw, 900px\" \/><\/figure>\n\n\n\n<figure class=\"wp-block-image size-large\"><img loading=\"lazy\" decoding=\"async\" width=\"900\" height=\"601\" data-id=\"14277\" src=\"https:\/\/www.emco.mil.cl\/wp-content\/uploads\/2025\/10\/intranet7.jpg\" alt=\"\" class=\"wp-image-14277\" srcset=\"https:\/\/www.emco.mil.cl\/wp-content\/uploads\/2025\/10\/intranet7.jpg 900w, https:\/\/www.emco.mil.cl\/wp-content\/uploads\/2025\/10\/intranet7-300x200.jpg 300w, https:\/\/www.emco.mil.cl\/wp-content\/uploads\/2025\/10\/intranet7-768x513.jpg 768w\" sizes=\"(max-width: 900px) 100vw, 900px\" \/><\/figure>\n\n\n\n<figure class=\"wp-block-image size-large\"><img loading=\"lazy\" decoding=\"async\" width=\"900\" height=\"601\" data-id=\"14276\" src=\"https:\/\/www.emco.mil.cl\/wp-content\/uploads\/2025\/10\/intranet8.jpg\" alt=\"\" class=\"wp-image-14276\" srcset=\"https:\/\/www.emco.mil.cl\/wp-content\/uploads\/2025\/10\/intranet8.jpg 900w, https:\/\/www.emco.mil.cl\/wp-content\/uploads\/2025\/10\/intranet8-300x200.jpg 300w, https:\/\/www.emco.mil.cl\/wp-content\/uploads\/2025\/10\/intranet8-768x513.jpg 768w\" sizes=\"(max-width: 900px) 100vw, 900px\" \/><\/figure>\n\n\n\n<figure class=\"wp-block-image size-large\"><img loading=\"lazy\" decoding=\"async\" width=\"900\" height=\"601\" data-id=\"14280\" src=\"https:\/\/www.emco.mil.cl\/wp-content\/uploads\/2025\/10\/intranet9.jpg\" alt=\"\" class=\"wp-image-14280\" srcset=\"https:\/\/www.emco.mil.cl\/wp-content\/uploads\/2025\/10\/intranet9.jpg 900w, https:\/\/www.emco.mil.cl\/wp-content\/uploads\/2025\/10\/intranet9-300x200.jpg 300w, https:\/\/www.emco.mil.cl\/wp-content\/uploads\/2025\/10\/intranet9-768x513.jpg 768w\" sizes=\"(max-width: 900px) 100vw, 900px\" \/><\/figure>\n\n\n\n<figure class=\"wp-block-image size-large\"><img loading=\"lazy\" decoding=\"async\" width=\"900\" height=\"600\" data-id=\"14278\" src=\"https:\/\/www.emco.mil.cl\/wp-content\/uploads\/2025\/10\/intranet10.jpg\" alt=\"\" class=\"wp-image-14278\" srcset=\"https:\/\/www.emco.mil.cl\/wp-content\/uploads\/2025\/10\/intranet10.jpg 900w, https:\/\/www.emco.mil.cl\/wp-content\/uploads\/2025\/10\/intranet10-300x200.jpg 300w, https:\/\/www.emco.mil.cl\/wp-content\/uploads\/2025\/10\/intranet10-768x512.jpg 768w\" sizes=\"(max-width: 900px) 100vw, 900px\" \/><\/figure>\n\n\n\n<figure class=\"wp-block-image size-large\"><img loading=\"lazy\" decoding=\"async\" width=\"900\" height=\"601\" data-id=\"14279\" src=\"https:\/\/www.emco.mil.cl\/wp-content\/uploads\/2025\/10\/intranet11.jpg\" alt=\"\" class=\"wp-image-14279\" srcset=\"https:\/\/www.emco.mil.cl\/wp-content\/uploads\/2025\/10\/intranet11.jpg 900w, https:\/\/www.emco.mil.cl\/wp-content\/uploads\/2025\/10\/intranet11-300x200.jpg 300w, https:\/\/www.emco.mil.cl\/wp-content\/uploads\/2025\/10\/intranet11-768x513.jpg 768w\" sizes=\"(max-width: 900px) 100vw, 900px\" \/><\/figure>\n\n\n\n<figure class=\"wp-block-image size-large\"><img loading=\"lazy\" decoding=\"async\" width=\"900\" height=\"601\" data-id=\"14281\" src=\"https:\/\/www.emco.mil.cl\/wp-content\/uploads\/2025\/10\/intranet12.jpg\" alt=\"\" class=\"wp-image-14281\" srcset=\"https:\/\/www.emco.mil.cl\/wp-content\/uploads\/2025\/10\/intranet12.jpg 900w, https:\/\/www.emco.mil.cl\/wp-content\/uploads\/2025\/10\/intranet12-300x200.jpg 300w, https:\/\/www.emco.mil.cl\/wp-content\/uploads\/2025\/10\/intranet12-768x513.jpg 768w\" sizes=\"(max-width: 900px) 100vw, 900px\" \/><\/figure>\n\n\n\n<figure class=\"wp-block-image size-large\"><img loading=\"lazy\" decoding=\"async\" width=\"900\" height=\"601\" data-id=\"14282\" src=\"https:\/\/www.emco.mil.cl\/wp-content\/uploads\/2025\/10\/intranet13.jpg\" alt=\"\" class=\"wp-image-14282\" srcset=\"https:\/\/www.emco.mil.cl\/wp-content\/uploads\/2025\/10\/intranet13.jpg 900w, https:\/\/www.emco.mil.cl\/wp-content\/uploads\/2025\/10\/intranet13-300x200.jpg 300w, https:\/\/www.emco.mil.cl\/wp-content\/uploads\/2025\/10\/intranet13-768x513.jpg 768w\" sizes=\"(max-width: 900px) 100vw, 900px\" \/><\/figure>\n\n\n\n<figure class=\"wp-block-image size-large\"><img loading=\"lazy\" decoding=\"async\" width=\"900\" height=\"601\" data-id=\"14283\" src=\"https:\/\/www.emco.mil.cl\/wp-content\/uploads\/2025\/10\/intranet14.jpg\" alt=\"\" class=\"wp-image-14283\" srcset=\"https:\/\/www.emco.mil.cl\/wp-content\/uploads\/2025\/10\/intranet14.jpg 900w, https:\/\/www.emco.mil.cl\/wp-content\/uploads\/2025\/10\/intranet14-300x200.jpg 300w, https:\/\/www.emco.mil.cl\/wp-content\/uploads\/2025\/10\/intranet14-768x513.jpg 768w\" sizes=\"(max-width: 900px) 100vw, 900px\" \/><\/figure>\n\n\n\n<figure class=\"wp-block-image size-large\"><img loading=\"lazy\" decoding=\"async\" width=\"900\" height=\"601\" data-id=\"14284\" src=\"https:\/\/www.emco.mil.cl\/wp-content\/uploads\/2025\/10\/portada-intranet.jpg\" alt=\"\" class=\"wp-image-14284\" srcset=\"https:\/\/www.emco.mil.cl\/wp-content\/uploads\/2025\/10\/portada-intranet.jpg 900w, https:\/\/www.emco.mil.cl\/wp-content\/uploads\/2025\/10\/portada-intranet-300x200.jpg 300w, https:\/\/www.emco.mil.cl\/wp-content\/uploads\/2025\/10\/portada-intranet-768x513.jpg 768w\" sizes=\"(max-width: 900px) 100vw, 900px\" \/><\/figure>\n<\/figure>\n","protected":false},"excerpt":{"rendered":"<p>Con el compromiso de reforzar la cooperaci\u00f3n para abordar los desaf\u00edos comunes en temas como la lucha contra el crimen organizado, la respuesta ante desastres provocados por el cambio clim\u00e1tico y la incorporaci\u00f3n de la mujer al sector defensa, culmin\u00f3 este viernes la 10\u00aa Reuni\u00f3n de Ministros de Defensa del Pac\u00edfico Sur (SPDMM), realizada entre&#8230;<\/p>\n","protected":false},"author":7,"featured_media":14269,"comment_status":"closed","ping_status":"closed","sticky":false,"template":"","format":"standard","meta":{"_kad_post_transparent":"","_kad_post_title":"","_kad_post_layout":"","_kad_post_sidebar_id":"","_kad_post_content_style":"","_kad_post_vertical_padding":"","_kad_post_feature":"","_kad_post_feature_position":"","_kad_post_header":false,"_kad_post_footer":false,"footnotes":""},"categories":[33,3],"tags":[],"class_list":["post-14268","post","type-post","status-publish","format-standard","has-post-thumbnail","hentry","category-33","category-noticias"],"_links":{"self":[{"href":"https:\/\/www.emco.mil.cl\/index.php\/wp-json\/wp\/v2\/posts\/14268","targetHints":{"allow":["GET"]}}],"collection":[{"href":"https:\/\/www.emco.mil.cl\/index.php\/wp-json\/wp\/v2\/posts"}],"about":[{"href":"https:\/\/www.emco.mil.cl\/index.php\/wp-json\/wp\/v2\/types\/post"}],"author":[{"embeddable":true,"href":"https:\/\/www.emco.mil.cl\/index.php\/wp-json\/wp\/v2\/users\/7"}],"replies":[{"embeddable":true,"href":"https:\/\/www.emco.mil.cl\/index.php\/wp-json\/wp\/v2\/comments?post=14268"}],"version-history":[{"count":1,"href":"https:\/\/www.emco.mil.cl\/index.php\/wp-json\/wp\/v2\/posts\/14268\/revisions"}],"predecessor-version":[{"id":14285,"href":"https:\/\/www.emco.mil.cl\/index.php\/wp-json\/wp\/v2\/posts\/14268\/revisions\/14285"}],"wp:featuredmedia":[{"embeddable":true,"href":"https:\/\/www.emco.mil.cl\/index.php\/wp-json\/wp\/v2\/media\/14269"}],"wp:attachment":[{"href":"https:\/\/www.emco.mil.cl\/index.php\/wp-json\/wp\/v2\/media?parent=14268"}],"wp:term":[{"taxonomy":"category","embeddable":true,"href":"https:\/\/www.emco.mil.cl\/index.php\/wp-json\/wp\/v2\/categories?post=14268"},{"taxonomy":"post_tag","embeddable":true,"href":"https:\/\/www.emco.mil.cl\/index.php\/wp-json\/wp\/v2\/tags?post=14268"}],"curies":[{"name":"wp","href":"https:\/\/api.w.org\/{rel}","templated":true}]}}