{"id":13304,"date":"2025-09-03T09:53:54","date_gmt":"2025-09-03T13:53:54","guid":{"rendered":"https:\/\/www.emco.mil.cl\/?p=13304"},"modified":"2025-09-03T09:53:54","modified_gmt":"2025-09-03T13:53:54","slug":"gala-deportiva-ministerial-codefen-2025","status":"publish","type":"post","link":"https:\/\/www.emco.mil.cl\/index.php\/2025\/09\/03\/gala-deportiva-ministerial-codefen-2025\/","title":{"rendered":"GALA DEPORTIVA MINISTERIAL CODEFEN 2025"},"content":{"rendered":"\n<p>El pasado 28 de agosto, en dependencias de la Escuela Naval \u201cArturo Prat\u201d se realiz\u00f3 la Gala Deportiva Ministerial, instancia en la que se distingui\u00f3 a los deportistas m\u00e1s destacados de las Fuerzas Armadas, de Orden y Seguridad durante el a\u00f1o 2024.<\/p>\n\n\n\n<p>Por parte del Estado Mayor Conjunto fue nominado el Sargento 1\u00b0 Alonso Figueroa dependiente de la Direcci\u00f3n de Apoyo General (DAG) del EMCO como Mejor Deportista en la disciplina de Paracaidismo.<\/p>\n\n\n\n<p>La ceremonia, fue encabezada por el Subsecretario para las Fuerzas Armadas, Galo Eidelstein y cont\u00f3 con representantes de las FF.AA. de Carabineros, PDI, as\u00ed como deportistas federados de las distintas instituciones.<\/p>\n\n\n\n<figure class=\"wp-block-gallery has-nested-images columns-default is-cropped wp-block-gallery-1 is-layout-flex wp-block-gallery-is-layout-flex\">\n<figure class=\"wp-block-image size-large\"><img fetchpriority=\"high\" decoding=\"async\" width=\"900\" height=\"600\" data-id=\"13306\" src=\"https:\/\/www.emco.mil.cl\/wp-content\/uploads\/2025\/09\/intranet-1.jpg\" alt=\"\" class=\"wp-image-13306\" srcset=\"https:\/\/www.emco.mil.cl\/wp-content\/uploads\/2025\/09\/intranet-1.jpg 900w, https:\/\/www.emco.mil.cl\/wp-content\/uploads\/2025\/09\/intranet-1-300x200.jpg 300w, https:\/\/www.emco.mil.cl\/wp-content\/uploads\/2025\/09\/intranet-1-768x512.jpg 768w\" sizes=\"(max-width: 900px) 100vw, 900px\" \/><\/figure>\n\n\n\n<figure class=\"wp-block-image size-large\"><img decoding=\"async\" width=\"900\" height=\"599\" data-id=\"13307\" src=\"https:\/\/www.emco.mil.cl\/wp-content\/uploads\/2025\/09\/intranet2-1.jpg\" alt=\"\" class=\"wp-image-13307\" srcset=\"https:\/\/www.emco.mil.cl\/wp-content\/uploads\/2025\/09\/intranet2-1.jpg 900w, https:\/\/www.emco.mil.cl\/wp-content\/uploads\/2025\/09\/intranet2-1-300x200.jpg 300w, https:\/\/www.emco.mil.cl\/wp-content\/uploads\/2025\/09\/intranet2-1-768x511.jpg 768w\" sizes=\"(max-width: 900px) 100vw, 900px\" \/><\/figure>\n\n\n\n<figure class=\"wp-block-image size-large\"><img decoding=\"async\" width=\"900\" height=\"602\" data-id=\"13309\" src=\"https:\/\/www.emco.mil.cl\/wp-content\/uploads\/2025\/09\/intranet4-1.jpg\" alt=\"\" class=\"wp-image-13309\" srcset=\"https:\/\/www.emco.mil.cl\/wp-content\/uploads\/2025\/09\/intranet4-1.jpg 900w, https:\/\/www.emco.mil.cl\/wp-content\/uploads\/2025\/09\/intranet4-1-300x201.jpg 300w, https:\/\/www.emco.mil.cl\/wp-content\/uploads\/2025\/09\/intranet4-1-768x514.jpg 768w\" sizes=\"(max-width: 900px) 100vw, 900px\" \/><\/figure>\n\n\n\n<figure class=\"wp-block-image size-large\"><img loading=\"lazy\" decoding=\"async\" width=\"900\" height=\"600\" data-id=\"13310\" src=\"https:\/\/www.emco.mil.cl\/wp-content\/uploads\/2025\/09\/intranet5-1.jpg\" alt=\"\" class=\"wp-image-13310\" srcset=\"https:\/\/www.emco.mil.cl\/wp-content\/uploads\/2025\/09\/intranet5-1.jpg 900w, https:\/\/www.emco.mil.cl\/wp-content\/uploads\/2025\/09\/intranet5-1-300x200.jpg 300w, https:\/\/www.emco.mil.cl\/wp-content\/uploads\/2025\/09\/intranet5-1-768x512.jpg 768w\" sizes=\"(max-width: 900px) 100vw, 900px\" \/><\/figure>\n\n\n\n<figure class=\"wp-block-image size-large\"><img loading=\"lazy\" decoding=\"async\" width=\"900\" height=\"602\" data-id=\"13308\" src=\"https:\/\/www.emco.mil.cl\/wp-content\/uploads\/2025\/09\/intranet6.jpg\" alt=\"\" class=\"wp-image-13308\" srcset=\"https:\/\/www.emco.mil.cl\/wp-content\/uploads\/2025\/09\/intranet6.jpg 900w, https:\/\/www.emco.mil.cl\/wp-content\/uploads\/2025\/09\/intranet6-300x201.jpg 300w, https:\/\/www.emco.mil.cl\/wp-content\/uploads\/2025\/09\/intranet6-768x514.jpg 768w\" sizes=\"(max-width: 900px) 100vw, 900px\" \/><\/figure>\n<\/figure>\n","protected":false},"excerpt":{"rendered":"<p>El pasado 28 de agosto, en dependencias de la Escuela Naval \u201cArturo Prat\u201d se realiz\u00f3 la Gala Deportiva Ministerial, instancia en la que se distingui\u00f3 a los deportistas m\u00e1s destacados de las Fuerzas Armadas, de Orden y Seguridad durante el a\u00f1o 2024. Por parte del Estado Mayor Conjunto fue nominado el Sargento 1\u00b0 Alonso Figueroa&#8230;<\/p>\n","protected":false},"author":7,"featured_media":13305,"comment_status":"closed","ping_status":"closed","sticky":false,"template":"","format":"standard","meta":{"_kad_post_transparent":"","_kad_post_title":"","_kad_post_layout":"","_kad_post_sidebar_id":"","_kad_post_content_style":"","_kad_post_vertical_padding":"","_kad_post_feature":"","_kad_post_feature_position":"","_kad_post_header":false,"_kad_post_footer":false,"footnotes":""},"categories":[33,3],"tags":[],"class_list":["post-13304","post","type-post","status-publish","format-standard","has-post-thumbnail","hentry","category-33","category-noticias"],"_links":{"self":[{"href":"https:\/\/www.emco.mil.cl\/index.php\/wp-json\/wp\/v2\/posts\/13304","targetHints":{"allow":["GET"]}}],"collection":[{"href":"https:\/\/www.emco.mil.cl\/index.php\/wp-json\/wp\/v2\/posts"}],"about":[{"href":"https:\/\/www.emco.mil.cl\/index.php\/wp-json\/wp\/v2\/types\/post"}],"author":[{"embeddable":true,"href":"https:\/\/www.emco.mil.cl\/index.php\/wp-json\/wp\/v2\/users\/7"}],"replies":[{"embeddable":true,"href":"https:\/\/www.emco.mil.cl\/index.php\/wp-json\/wp\/v2\/comments?post=13304"}],"version-history":[{"count":1,"href":"https:\/\/www.emco.mil.cl\/index.php\/wp-json\/wp\/v2\/posts\/13304\/revisions"}],"predecessor-version":[{"id":13311,"href":"https:\/\/www.emco.mil.cl\/index.php\/wp-json\/wp\/v2\/posts\/13304\/revisions\/13311"}],"wp:featuredmedia":[{"embeddable":true,"href":"https:\/\/www.emco.mil.cl\/index.php\/wp-json\/wp\/v2\/media\/13305"}],"wp:attachment":[{"href":"https:\/\/www.emco.mil.cl\/index.php\/wp-json\/wp\/v2\/media?parent=13304"}],"wp:term":[{"taxonomy":"category","embeddable":true,"href":"https:\/\/www.emco.mil.cl\/index.php\/wp-json\/wp\/v2\/categories?post=13304"},{"taxonomy":"post_tag","embeddable":true,"href":"https:\/\/www.emco.mil.cl\/index.php\/wp-json\/wp\/v2\/tags?post=13304"}],"curies":[{"name":"wp","href":"https:\/\/api.w.org\/{rel}","templated":true}]}}