{"id":13287,"date":"2025-08-26T09:19:57","date_gmt":"2025-08-26T13:19:57","guid":{"rendered":"https:\/\/www.emco.mil.cl\/?p=13287"},"modified":"2025-08-26T09:19:57","modified_gmt":"2025-08-26T13:19:57","slug":"finaliza-seminario-de-entrenamiento-conjunto-sedec-2025","status":"publish","type":"post","link":"https:\/\/www.emco.mil.cl\/index.php\/2025\/08\/26\/finaliza-seminario-de-entrenamiento-conjunto-sedec-2025\/","title":{"rendered":"FINALIZA SEMINARIO DE ENTRENAMIENTO CONJUNTO SEDEC 2025"},"content":{"rendered":"\n<p>Entre el 19 y el 22 de agosto la Direcci\u00f3n de Educaci\u00f3n, Doctrina y Entrenamiento Conjunto (DIREDENCO) del Estado Mayor Conjunto llev\u00f3 a cabo el Seminario de Entrenamiento Conjunto 2025 (SEDEC 25) en la que participaron especialistas y personal de las Fuerzas Armadas con objeto de optimizar la eficiencia y coordinaci\u00f3n de las organizaciones en la conducci\u00f3n de operaciones conjuntas.<\/p>\n\n\n\n<p>El encuentro tuvo como prop\u00f3sito reforzar las doctrinas, procedimientos y conocimientos en planificaci\u00f3n militar, evaluaci\u00f3n de operaciones, operaciones de informaci\u00f3n, funcionamiento de puestos de mando y procedimientos operacionales conjuntos.<\/p>\n\n\n\n<p>El Director de la DIREDENCO, Coronel Francisco Arellano dio la bienvenida a los presentes y expuso sobre el \u201cProcesos de Planificaci\u00f3n Militar\u201d. Asimismo, durante el desarrollo del seminario se realizaron exposiciones sobre Operaciones de Informaci\u00f3n, Evaluaci\u00f3n de las Operaciones y la Organizaci\u00f3n y Funcionamiento de un Puesto de Mando, entre otros.<\/p>\n\n\n\n<p>SEDEC 25 forma parte de la planificaci\u00f3n bienal de instrucci\u00f3n, capacitaci\u00f3n y entrenamiento del Estado Mayor Conjunto, reafirmando el compromiso permanente con la preparaci\u00f3n y modernizaci\u00f3n de las Fuerzas Armadas frente a escenarios de crisis.<\/p>\n\n\n\n<figure class=\"wp-block-gallery has-nested-images columns-default is-cropped wp-block-gallery-1 is-layout-flex wp-block-gallery-is-layout-flex\">\n<figure class=\"wp-block-image size-large\"><img fetchpriority=\"high\" decoding=\"async\" width=\"900\" height=\"601\" data-id=\"13288\" src=\"https:\/\/www.emco.mil.cl\/wp-content\/uploads\/2025\/08\/intranet2-14.jpg\" alt=\"\" class=\"wp-image-13288\" srcset=\"https:\/\/www.emco.mil.cl\/wp-content\/uploads\/2025\/08\/intranet2-14.jpg 900w, https:\/\/www.emco.mil.cl\/wp-content\/uploads\/2025\/08\/intranet2-14-300x200.jpg 300w, https:\/\/www.emco.mil.cl\/wp-content\/uploads\/2025\/08\/intranet2-14-768x513.jpg 768w\" sizes=\"(max-width: 900px) 100vw, 900px\" \/><\/figure>\n\n\n\n<figure class=\"wp-block-image size-large\"><img decoding=\"async\" width=\"900\" height=\"603\" data-id=\"13289\" src=\"https:\/\/www.emco.mil.cl\/wp-content\/uploads\/2025\/08\/intranet3-11.jpg\" alt=\"\" class=\"wp-image-13289\" srcset=\"https:\/\/www.emco.mil.cl\/wp-content\/uploads\/2025\/08\/intranet3-11.jpg 900w, https:\/\/www.emco.mil.cl\/wp-content\/uploads\/2025\/08\/intranet3-11-300x201.jpg 300w, https:\/\/www.emco.mil.cl\/wp-content\/uploads\/2025\/08\/intranet3-11-768x515.jpg 768w\" sizes=\"(max-width: 900px) 100vw, 900px\" \/><\/figure>\n\n\n\n<figure class=\"wp-block-image size-large\"><img decoding=\"async\" width=\"900\" height=\"606\" data-id=\"13291\" src=\"https:\/\/www.emco.mil.cl\/wp-content\/uploads\/2025\/08\/intranet5-13.jpg\" alt=\"\" class=\"wp-image-13291\" srcset=\"https:\/\/www.emco.mil.cl\/wp-content\/uploads\/2025\/08\/intranet5-13.jpg 900w, https:\/\/www.emco.mil.cl\/wp-content\/uploads\/2025\/08\/intranet5-13-300x202.jpg 300w, https:\/\/www.emco.mil.cl\/wp-content\/uploads\/2025\/08\/intranet5-13-768x517.jpg 768w\" sizes=\"(max-width: 900px) 100vw, 900px\" \/><\/figure>\n\n\n\n<figure class=\"wp-block-image size-large\"><img loading=\"lazy\" decoding=\"async\" width=\"900\" height=\"603\" data-id=\"13290\" src=\"https:\/\/www.emco.mil.cl\/wp-content\/uploads\/2025\/08\/intranet6-6.jpg\" alt=\"\" class=\"wp-image-13290\" srcset=\"https:\/\/www.emco.mil.cl\/wp-content\/uploads\/2025\/08\/intranet6-6.jpg 900w, https:\/\/www.emco.mil.cl\/wp-content\/uploads\/2025\/08\/intranet6-6-300x201.jpg 300w, https:\/\/www.emco.mil.cl\/wp-content\/uploads\/2025\/08\/intranet6-6-768x515.jpg 768w\" sizes=\"(max-width: 900px) 100vw, 900px\" \/><\/figure>\n<\/figure>\n","protected":false},"excerpt":{"rendered":"<p>Entre el 19 y el 22 de agosto la Direcci\u00f3n de Educaci\u00f3n, Doctrina y Entrenamiento Conjunto (DIREDENCO) del Estado Mayor Conjunto llev\u00f3 a cabo el Seminario de Entrenamiento Conjunto 2025 (SEDEC 25) en la que participaron especialistas y personal de las Fuerzas Armadas con objeto de optimizar la eficiencia y coordinaci\u00f3n de las organizaciones en&#8230;<\/p>\n","protected":false},"author":7,"featured_media":13281,"comment_status":"closed","ping_status":"closed","sticky":false,"template":"","format":"standard","meta":{"_kad_post_transparent":"","_kad_post_title":"","_kad_post_layout":"","_kad_post_sidebar_id":"","_kad_post_content_style":"","_kad_post_vertical_padding":"","_kad_post_feature":"","_kad_post_feature_position":"","_kad_post_header":false,"_kad_post_footer":false,"footnotes":""},"categories":[33,3],"tags":[],"class_list":["post-13287","post","type-post","status-publish","format-standard","has-post-thumbnail","hentry","category-33","category-noticias"],"_links":{"self":[{"href":"https:\/\/www.emco.mil.cl\/index.php\/wp-json\/wp\/v2\/posts\/13287","targetHints":{"allow":["GET"]}}],"collection":[{"href":"https:\/\/www.emco.mil.cl\/index.php\/wp-json\/wp\/v2\/posts"}],"about":[{"href":"https:\/\/www.emco.mil.cl\/index.php\/wp-json\/wp\/v2\/types\/post"}],"author":[{"embeddable":true,"href":"https:\/\/www.emco.mil.cl\/index.php\/wp-json\/wp\/v2\/users\/7"}],"replies":[{"embeddable":true,"href":"https:\/\/www.emco.mil.cl\/index.php\/wp-json\/wp\/v2\/comments?post=13287"}],"version-history":[{"count":1,"href":"https:\/\/www.emco.mil.cl\/index.php\/wp-json\/wp\/v2\/posts\/13287\/revisions"}],"predecessor-version":[{"id":13292,"href":"https:\/\/www.emco.mil.cl\/index.php\/wp-json\/wp\/v2\/posts\/13287\/revisions\/13292"}],"wp:featuredmedia":[{"embeddable":true,"href":"https:\/\/www.emco.mil.cl\/index.php\/wp-json\/wp\/v2\/media\/13281"}],"wp:attachment":[{"href":"https:\/\/www.emco.mil.cl\/index.php\/wp-json\/wp\/v2\/media?parent=13287"}],"wp:term":[{"taxonomy":"category","embeddable":true,"href":"https:\/\/www.emco.mil.cl\/index.php\/wp-json\/wp\/v2\/categories?post=13287"},{"taxonomy":"post_tag","embeddable":true,"href":"https:\/\/www.emco.mil.cl\/index.php\/wp-json\/wp\/v2\/tags?post=13287"}],"curies":[{"name":"wp","href":"https:\/\/api.w.org\/{rel}","templated":true}]}}