{"id":13266,"date":"2025-08-22T09:07:47","date_gmt":"2025-08-22T13:07:47","guid":{"rendered":"https:\/\/www.emco.mil.cl\/?p=13266"},"modified":"2025-08-22T09:07:47","modified_gmt":"2025-08-22T13:07:47","slug":"estado-mayor-conjunto-asiste-a-southdec-2025","status":"publish","type":"post","link":"https:\/\/www.emco.mil.cl\/index.php\/2025\/08\/22\/estado-mayor-conjunto-asiste-a-southdec-2025\/","title":{"rendered":"ESTADO MAYOR CONJUNTO ASISTE A SOUTHDEC 2025"},"content":{"rendered":"\n<p>Entre los d\u00edas 19 y 21 de agosto se realiz\u00f3 en Buenos Aires, Argentina, la Conferencia de Defensa Sudamericana (SOUTHDEC 2025), encabezado por el Jefe del Comando Sur de Estados Unidos, Almirante Alvin Holsey y en la que particip\u00f3 el Estado Mayor Conjunto y los Jefes de Defensa de la regi\u00f3n.<\/p>\n\n\n\n<p>La Conferencia de Defensa Sudamericana es una oportunidad para generar un di\u00e1logo sobre inquietudes compartidas en materias de seguridad, permitiendo instancias de cooperaci\u00f3n entre naciones del Cono Sur y Estados Unidos.<\/p>\n\n\n\n<p>Este encuentro que se realiza anualmente desde el a\u00f1o 2009 es organizado por el Comando Sur de Estados Unidos junto al pa\u00eds anfitri\u00f3n, habiendo sido Chile, pa\u00eds sede, el a\u00f1o 2024.<\/p>\n\n\n\n<figure class=\"wp-block-gallery has-nested-images columns-default is-cropped wp-block-gallery-1 is-layout-flex wp-block-gallery-is-layout-flex\">\n<figure class=\"wp-block-image size-large\"><img fetchpriority=\"high\" decoding=\"async\" width=\"900\" height=\"599\" data-id=\"13269\" src=\"https:\/\/www.emco.mil.cl\/wp-content\/uploads\/2025\/08\/intranet4-11.jpg\" alt=\"\" class=\"wp-image-13269\" srcset=\"https:\/\/www.emco.mil.cl\/wp-content\/uploads\/2025\/08\/intranet4-11.jpg 900w, https:\/\/www.emco.mil.cl\/wp-content\/uploads\/2025\/08\/intranet4-11-300x200.jpg 300w, https:\/\/www.emco.mil.cl\/wp-content\/uploads\/2025\/08\/intranet4-11-768x511.jpg 768w\" sizes=\"(max-width: 900px) 100vw, 900px\" \/><\/figure>\n\n\n\n<figure class=\"wp-block-image size-large\"><img decoding=\"async\" width=\"900\" height=\"599\" data-id=\"13270\" src=\"https:\/\/www.emco.mil.cl\/wp-content\/uploads\/2025\/08\/intranet5-10.jpg\" alt=\"\" class=\"wp-image-13270\" srcset=\"https:\/\/www.emco.mil.cl\/wp-content\/uploads\/2025\/08\/intranet5-10.jpg 900w, https:\/\/www.emco.mil.cl\/wp-content\/uploads\/2025\/08\/intranet5-10-300x200.jpg 300w, https:\/\/www.emco.mil.cl\/wp-content\/uploads\/2025\/08\/intranet5-10-768x511.jpg 768w\" sizes=\"(max-width: 900px) 100vw, 900px\" \/><\/figure>\n\n\n\n<figure class=\"wp-block-image size-large\"><img decoding=\"async\" width=\"900\" height=\"599\" data-id=\"13268\" src=\"https:\/\/www.emco.mil.cl\/wp-content\/uploads\/2025\/08\/intranet7-5.jpg\" alt=\"\" class=\"wp-image-13268\" srcset=\"https:\/\/www.emco.mil.cl\/wp-content\/uploads\/2025\/08\/intranet7-5.jpg 900w, https:\/\/www.emco.mil.cl\/wp-content\/uploads\/2025\/08\/intranet7-5-300x200.jpg 300w, https:\/\/www.emco.mil.cl\/wp-content\/uploads\/2025\/08\/intranet7-5-768x511.jpg 768w\" sizes=\"(max-width: 900px) 100vw, 900px\" \/><\/figure>\n<\/figure>\n","protected":false},"excerpt":{"rendered":"<p>Entre los d\u00edas 19 y 21 de agosto se realiz\u00f3 en Buenos Aires, Argentina, la Conferencia de Defensa Sudamericana (SOUTHDEC 2025), encabezado por el Jefe del Comando Sur de Estados Unidos, Almirante Alvin Holsey y en la que particip\u00f3 el Estado Mayor Conjunto y los Jefes de Defensa de la regi\u00f3n. La Conferencia de Defensa&#8230;<\/p>\n","protected":false},"author":7,"featured_media":13267,"comment_status":"closed","ping_status":"closed","sticky":false,"template":"","format":"standard","meta":{"_kad_post_transparent":"","_kad_post_title":"","_kad_post_layout":"","_kad_post_sidebar_id":"","_kad_post_content_style":"","_kad_post_vertical_padding":"","_kad_post_feature":"","_kad_post_feature_position":"","_kad_post_header":false,"_kad_post_footer":false,"footnotes":""},"categories":[33,3],"tags":[],"class_list":["post-13266","post","type-post","status-publish","format-standard","has-post-thumbnail","hentry","category-33","category-noticias"],"_links":{"self":[{"href":"https:\/\/www.emco.mil.cl\/index.php\/wp-json\/wp\/v2\/posts\/13266","targetHints":{"allow":["GET"]}}],"collection":[{"href":"https:\/\/www.emco.mil.cl\/index.php\/wp-json\/wp\/v2\/posts"}],"about":[{"href":"https:\/\/www.emco.mil.cl\/index.php\/wp-json\/wp\/v2\/types\/post"}],"author":[{"embeddable":true,"href":"https:\/\/www.emco.mil.cl\/index.php\/wp-json\/wp\/v2\/users\/7"}],"replies":[{"embeddable":true,"href":"https:\/\/www.emco.mil.cl\/index.php\/wp-json\/wp\/v2\/comments?post=13266"}],"version-history":[{"count":1,"href":"https:\/\/www.emco.mil.cl\/index.php\/wp-json\/wp\/v2\/posts\/13266\/revisions"}],"predecessor-version":[{"id":13271,"href":"https:\/\/www.emco.mil.cl\/index.php\/wp-json\/wp\/v2\/posts\/13266\/revisions\/13271"}],"wp:featuredmedia":[{"embeddable":true,"href":"https:\/\/www.emco.mil.cl\/index.php\/wp-json\/wp\/v2\/media\/13267"}],"wp:attachment":[{"href":"https:\/\/www.emco.mil.cl\/index.php\/wp-json\/wp\/v2\/media?parent=13266"}],"wp:term":[{"taxonomy":"category","embeddable":true,"href":"https:\/\/www.emco.mil.cl\/index.php\/wp-json\/wp\/v2\/categories?post=13266"},{"taxonomy":"post_tag","embeddable":true,"href":"https:\/\/www.emco.mil.cl\/index.php\/wp-json\/wp\/v2\/tags?post=13266"}],"curies":[{"name":"wp","href":"https:\/\/api.w.org\/{rel}","templated":true}]}}