{"id":13252,"date":"2025-08-20T09:25:36","date_gmt":"2025-08-20T13:25:36","guid":{"rendered":"https:\/\/www.emco.mil.cl\/?p=13252"},"modified":"2025-08-20T09:25:36","modified_gmt":"2025-08-20T13:25:36","slug":"diredenco-presenta-plan-de-estudio-de-curso-conjunto-de-estado-mayor","status":"publish","type":"post","link":"https:\/\/www.emco.mil.cl\/index.php\/2025\/08\/20\/diredenco-presenta-plan-de-estudio-de-curso-conjunto-de-estado-mayor\/","title":{"rendered":"DIREDENCO PRESENTA PLAN DE ESTUDIO DE CURSO CONJUNTO DE ESTADO MAYOR"},"content":{"rendered":"\n<p>Este 18 de agosto, el Director de la Direcci\u00f3n de Educaci\u00f3n, Doctrina y Entrenamiento Conjunto, Coronel Francisco Arellano junto a los Directores de las Academias de Guerra del Ej\u00e9rcito de Chile, la Armada y la Fuerza A\u00e9rea presentaron al Jefe del EMCO, General de Aviaci\u00f3n, Leonardo Romanini el plan de estudios del curso conjunto de Estado Mayor (CCEM) para su aprobaci\u00f3n y desarrollo a partir del mes de septiembre.<\/p>\n\n\n\n<p>La DIREDENCO es la direcci\u00f3n del EMCO a cargo de la planificaci\u00f3n y coordinaci\u00f3n del CCEM, etapa fundamental para el desarrollo de los futuros oficiales de Estado Mayor.<\/p>\n\n\n\n<p>El curso conjunto permite adquirir los conocimientos necesarios para generar la interoperabilidad y operatividad entre los integrantes de las Fuerzas Armadas, logrando una respuesta coordinada ante diversas situaciones.<\/p>\n\n\n\n<figure class=\"wp-block-gallery has-nested-images columns-default is-cropped wp-block-gallery-1 is-layout-flex wp-block-gallery-is-layout-flex\">\n<figure class=\"wp-block-image size-large\"><img fetchpriority=\"high\" decoding=\"async\" width=\"900\" height=\"603\" data-id=\"13254\" src=\"https:\/\/www.emco.mil.cl\/wp-content\/uploads\/2025\/08\/intranet2-11.jpg\" alt=\"\" class=\"wp-image-13254\" srcset=\"https:\/\/www.emco.mil.cl\/wp-content\/uploads\/2025\/08\/intranet2-11.jpg 900w, https:\/\/www.emco.mil.cl\/wp-content\/uploads\/2025\/08\/intranet2-11-300x201.jpg 300w, https:\/\/www.emco.mil.cl\/wp-content\/uploads\/2025\/08\/intranet2-11-768x515.jpg 768w\" sizes=\"(max-width: 900px) 100vw, 900px\" \/><\/figure>\n\n\n\n<figure class=\"wp-block-image size-large\"><img decoding=\"async\" width=\"900\" height=\"603\" data-id=\"13257\" src=\"https:\/\/www.emco.mil.cl\/wp-content\/uploads\/2025\/08\/intranet3-10.jpg\" alt=\"\" class=\"wp-image-13257\" srcset=\"https:\/\/www.emco.mil.cl\/wp-content\/uploads\/2025\/08\/intranet3-10.jpg 900w, https:\/\/www.emco.mil.cl\/wp-content\/uploads\/2025\/08\/intranet3-10-300x201.jpg 300w, https:\/\/www.emco.mil.cl\/wp-content\/uploads\/2025\/08\/intranet3-10-768x515.jpg 768w\" sizes=\"(max-width: 900px) 100vw, 900px\" \/><\/figure>\n\n\n\n<figure class=\"wp-block-image size-large\"><img decoding=\"async\" width=\"900\" height=\"603\" data-id=\"13256\" src=\"https:\/\/www.emco.mil.cl\/wp-content\/uploads\/2025\/08\/intranet4-9.jpg\" alt=\"\" class=\"wp-image-13256\" srcset=\"https:\/\/www.emco.mil.cl\/wp-content\/uploads\/2025\/08\/intranet4-9.jpg 900w, https:\/\/www.emco.mil.cl\/wp-content\/uploads\/2025\/08\/intranet4-9-300x201.jpg 300w, https:\/\/www.emco.mil.cl\/wp-content\/uploads\/2025\/08\/intranet4-9-768x515.jpg 768w\" sizes=\"(max-width: 900px) 100vw, 900px\" \/><\/figure>\n\n\n\n<figure class=\"wp-block-image size-large\"><img loading=\"lazy\" decoding=\"async\" width=\"900\" height=\"607\" data-id=\"13255\" src=\"https:\/\/www.emco.mil.cl\/wp-content\/uploads\/2025\/08\/intranet5-8.jpg\" alt=\"\" class=\"wp-image-13255\" srcset=\"https:\/\/www.emco.mil.cl\/wp-content\/uploads\/2025\/08\/intranet5-8.jpg 900w, https:\/\/www.emco.mil.cl\/wp-content\/uploads\/2025\/08\/intranet5-8-300x202.jpg 300w, https:\/\/www.emco.mil.cl\/wp-content\/uploads\/2025\/08\/intranet5-8-768x518.jpg 768w\" sizes=\"(max-width: 900px) 100vw, 900px\" \/><\/figure>\n<\/figure>\n","protected":false},"excerpt":{"rendered":"<p>Este 18 de agosto, el Director de la Direcci\u00f3n de Educaci\u00f3n, Doctrina y Entrenamiento Conjunto, Coronel Francisco Arellano junto a los Directores de las Academias de Guerra del Ej\u00e9rcito de Chile, la Armada y la Fuerza A\u00e9rea presentaron al Jefe del EMCO, General de Aviaci\u00f3n, Leonardo Romanini el plan de estudios del curso conjunto de&#8230;<\/p>\n","protected":false},"author":7,"featured_media":13253,"comment_status":"closed","ping_status":"closed","sticky":false,"template":"","format":"standard","meta":{"_kad_post_transparent":"","_kad_post_title":"","_kad_post_layout":"","_kad_post_sidebar_id":"","_kad_post_content_style":"","_kad_post_vertical_padding":"","_kad_post_feature":"","_kad_post_feature_position":"","_kad_post_header":false,"_kad_post_footer":false,"footnotes":""},"categories":[33,3],"tags":[],"class_list":["post-13252","post","type-post","status-publish","format-standard","has-post-thumbnail","hentry","category-33","category-noticias"],"_links":{"self":[{"href":"https:\/\/www.emco.mil.cl\/index.php\/wp-json\/wp\/v2\/posts\/13252","targetHints":{"allow":["GET"]}}],"collection":[{"href":"https:\/\/www.emco.mil.cl\/index.php\/wp-json\/wp\/v2\/posts"}],"about":[{"href":"https:\/\/www.emco.mil.cl\/index.php\/wp-json\/wp\/v2\/types\/post"}],"author":[{"embeddable":true,"href":"https:\/\/www.emco.mil.cl\/index.php\/wp-json\/wp\/v2\/users\/7"}],"replies":[{"embeddable":true,"href":"https:\/\/www.emco.mil.cl\/index.php\/wp-json\/wp\/v2\/comments?post=13252"}],"version-history":[{"count":1,"href":"https:\/\/www.emco.mil.cl\/index.php\/wp-json\/wp\/v2\/posts\/13252\/revisions"}],"predecessor-version":[{"id":13258,"href":"https:\/\/www.emco.mil.cl\/index.php\/wp-json\/wp\/v2\/posts\/13252\/revisions\/13258"}],"wp:featuredmedia":[{"embeddable":true,"href":"https:\/\/www.emco.mil.cl\/index.php\/wp-json\/wp\/v2\/media\/13253"}],"wp:attachment":[{"href":"https:\/\/www.emco.mil.cl\/index.php\/wp-json\/wp\/v2\/media?parent=13252"}],"wp:term":[{"taxonomy":"category","embeddable":true,"href":"https:\/\/www.emco.mil.cl\/index.php\/wp-json\/wp\/v2\/categories?post=13252"},{"taxonomy":"post_tag","embeddable":true,"href":"https:\/\/www.emco.mil.cl\/index.php\/wp-json\/wp\/v2\/tags?post=13252"}],"curies":[{"name":"wp","href":"https:\/\/api.w.org\/{rel}","templated":true}]}}