{"id":13236,"date":"2025-08-19T12:51:57","date_gmt":"2025-08-19T16:51:57","guid":{"rendered":"https:\/\/www.emco.mil.cl\/?p=13236"},"modified":"2025-08-19T12:51:57","modified_gmt":"2025-08-19T16:51:57","slug":"regresa-contingente-desplegado-en-mision-de-paz-en-chipre-2","status":"publish","type":"post","link":"https:\/\/www.emco.mil.cl\/index.php\/2025\/08\/19\/regresa-contingente-desplegado-en-mision-de-paz-en-chipre-2\/","title":{"rendered":"REGRESA CONTINGENTE DESPLEGADO EN MISI\u00d3N DE PAZ EN CHIPRE"},"content":{"rendered":"\n<p>Este 18 de agosto el contingente chileno que estuvo desplegado durante los \u00faltimos 6 meses como observadores militares en la Fuerza de las Naciones Unidas para el Mantenimiento de la Paz en Chipre (UNFICYP) fue recibido por el Director de la Direcci\u00f3n de Operaciones y Conducci\u00f3n Conjunta, Contraalmirante \u00d3scar Manzano.<\/p>\n\n\n\n<p>Entre febrero y agosto del 2025 el personal dependiente de la Armada de Chile particip\u00f3 de esta misi\u00f3n como parte de la Fuerza de Tarea Argentina 65, llevando a cabo actividades de supervisi\u00f3n en las l\u00edneas de cese de fuego y de despliegue de las fuerzas en oposici\u00f3n.<\/p>\n\n\n\n<p>El Jefe de misi\u00f3n, Teniente 2\u00b0IM Lucas Noack se\u00f1al\u00f3 al t\u00e9rmino de este per\u00edodo que \u201c<em>como jefe del contingente uno de los aspectos gratificantes a nivel profesional, fue que el personal chileno haya sido destacado continuamente por oficiales y suboficiales extranjeros, principalmente de Argentina, Reino Unido, Eslovaquia y polic\u00edas de Naciones Unidas de distintos pa\u00edses, quienes constantemente resaltaron el profesionalismo del contingente chileno, su preparaci\u00f3n y buena disposici\u00f3n para efectuar el trabajo, el cual pudimos desempe\u00f1ar de muy buena manera, siendo el per\u00edodo de pre despliegue un apoyo y aporte tambi\u00e9n para desarrollar las distintas tareas encomendadas durante la misi\u00f3n<\/em>\u201d.<\/p>\n\n\n\n<p>Durante la reuni\u00f3n, el Comandante de la Fuerza Militar de observadores chilenos en Chipre, present\u00f3 el informe de t\u00e9rmino de misi\u00f3n, donde se abordaron las experiencias, aprendizajes y desaf\u00edos del contingente chileno en Chipre.<\/p>\n\n\n\n<p>La UNFICYP fue establecida por el Consejo de Seguridad de la Organizaci\u00f3n de Naciones Unidas en 1964, con el mandato de evitar la reanudaci\u00f3n de la lucha entre las comunidades de origen griego y turco, contribuyendo a \u201cmantener y restaurar el orden p\u00fablico y volver a la normalidad\u201d.<\/p>\n\n\n\n<p>Durante el actual per\u00edodo, el contingente chileno est\u00e1 compuesto por personal del Ej\u00e9rcito de Chile, los que se alternan cada seis meses con la Armada.<\/p>\n\n\n\n<figure class=\"wp-block-gallery has-nested-images columns-default is-cropped wp-block-gallery-1 is-layout-flex wp-block-gallery-is-layout-flex\">\n<figure class=\"wp-block-image size-large\"><img fetchpriority=\"high\" decoding=\"async\" width=\"900\" height=\"592\" data-id=\"13238\" src=\"https:\/\/www.emco.mil.cl\/wp-content\/uploads\/2025\/08\/intranet-9.jpg\" alt=\"\" class=\"wp-image-13238\" srcset=\"https:\/\/www.emco.mil.cl\/wp-content\/uploads\/2025\/08\/intranet-9.jpg 900w, https:\/\/www.emco.mil.cl\/wp-content\/uploads\/2025\/08\/intranet-9-300x197.jpg 300w, https:\/\/www.emco.mil.cl\/wp-content\/uploads\/2025\/08\/intranet-9-768x505.jpg 768w\" sizes=\"(max-width: 900px) 100vw, 900px\" \/><\/figure>\n\n\n\n<figure class=\"wp-block-image size-large\"><img decoding=\"async\" width=\"900\" height=\"603\" data-id=\"13239\" src=\"https:\/\/www.emco.mil.cl\/wp-content\/uploads\/2025\/08\/intranet3-8.jpg\" alt=\"\" class=\"wp-image-13239\" srcset=\"https:\/\/www.emco.mil.cl\/wp-content\/uploads\/2025\/08\/intranet3-8.jpg 900w, https:\/\/www.emco.mil.cl\/wp-content\/uploads\/2025\/08\/intranet3-8-300x201.jpg 300w, https:\/\/www.emco.mil.cl\/wp-content\/uploads\/2025\/08\/intranet3-8-768x515.jpg 768w\" sizes=\"(max-width: 900px) 100vw, 900px\" \/><\/figure>\n\n\n\n<figure class=\"wp-block-image size-large\"><img decoding=\"async\" width=\"900\" height=\"598\" data-id=\"13240\" src=\"https:\/\/www.emco.mil.cl\/wp-content\/uploads\/2025\/08\/intranet4-7.jpg\" alt=\"\" class=\"wp-image-13240\" srcset=\"https:\/\/www.emco.mil.cl\/wp-content\/uploads\/2025\/08\/intranet4-7.jpg 900w, https:\/\/www.emco.mil.cl\/wp-content\/uploads\/2025\/08\/intranet4-7-300x199.jpg 300w, https:\/\/www.emco.mil.cl\/wp-content\/uploads\/2025\/08\/intranet4-7-768x510.jpg 768w\" sizes=\"(max-width: 900px) 100vw, 900px\" \/><\/figure>\n\n\n\n<figure class=\"wp-block-image size-large\"><img loading=\"lazy\" decoding=\"async\" width=\"900\" height=\"606\" data-id=\"13241\" src=\"https:\/\/www.emco.mil.cl\/wp-content\/uploads\/2025\/08\/intranet5-6.jpg\" alt=\"\" class=\"wp-image-13241\" srcset=\"https:\/\/www.emco.mil.cl\/wp-content\/uploads\/2025\/08\/intranet5-6.jpg 900w, https:\/\/www.emco.mil.cl\/wp-content\/uploads\/2025\/08\/intranet5-6-300x202.jpg 300w, https:\/\/www.emco.mil.cl\/wp-content\/uploads\/2025\/08\/intranet5-6-768x517.jpg 768w\" sizes=\"(max-width: 900px) 100vw, 900px\" \/><\/figure>\n\n\n\n<figure class=\"wp-block-image size-large\"><img loading=\"lazy\" decoding=\"async\" width=\"900\" height=\"606\" data-id=\"13243\" src=\"https:\/\/www.emco.mil.cl\/wp-content\/uploads\/2025\/08\/intranet6-4.jpg\" alt=\"\" class=\"wp-image-13243\" srcset=\"https:\/\/www.emco.mil.cl\/wp-content\/uploads\/2025\/08\/intranet6-4.jpg 900w, https:\/\/www.emco.mil.cl\/wp-content\/uploads\/2025\/08\/intranet6-4-300x202.jpg 300w, https:\/\/www.emco.mil.cl\/wp-content\/uploads\/2025\/08\/intranet6-4-768x517.jpg 768w\" sizes=\"(max-width: 900px) 100vw, 900px\" \/><\/figure>\n\n\n\n<figure class=\"wp-block-image size-large\"><img loading=\"lazy\" decoding=\"async\" width=\"900\" height=\"599\" data-id=\"13242\" src=\"https:\/\/www.emco.mil.cl\/wp-content\/uploads\/2025\/08\/intranet7-3.jpg\" alt=\"\" class=\"wp-image-13242\" srcset=\"https:\/\/www.emco.mil.cl\/wp-content\/uploads\/2025\/08\/intranet7-3.jpg 900w, https:\/\/www.emco.mil.cl\/wp-content\/uploads\/2025\/08\/intranet7-3-300x200.jpg 300w, https:\/\/www.emco.mil.cl\/wp-content\/uploads\/2025\/08\/intranet7-3-768x511.jpg 768w\" sizes=\"(max-width: 900px) 100vw, 900px\" \/><\/figure>\n<\/figure>\n","protected":false},"excerpt":{"rendered":"<p>Este 18 de agosto el contingente chileno que estuvo desplegado durante los \u00faltimos 6 meses como observadores militares en la Fuerza de las Naciones Unidas para el Mantenimiento de la Paz en Chipre (UNFICYP) fue recibido por el Director de la Direcci\u00f3n de Operaciones y Conducci\u00f3n Conjunta, Contraalmirante \u00d3scar Manzano. Entre febrero y agosto del&#8230;<\/p>\n","protected":false},"author":7,"featured_media":13237,"comment_status":"closed","ping_status":"closed","sticky":false,"template":"","format":"standard","meta":{"_kad_post_transparent":"","_kad_post_title":"","_kad_post_layout":"","_kad_post_sidebar_id":"","_kad_post_content_style":"","_kad_post_vertical_padding":"","_kad_post_feature":"","_kad_post_feature_position":"","_kad_post_header":false,"_kad_post_footer":false,"footnotes":""},"categories":[33,3],"tags":[],"class_list":["post-13236","post","type-post","status-publish","format-standard","has-post-thumbnail","hentry","category-33","category-noticias"],"_links":{"self":[{"href":"https:\/\/www.emco.mil.cl\/index.php\/wp-json\/wp\/v2\/posts\/13236","targetHints":{"allow":["GET"]}}],"collection":[{"href":"https:\/\/www.emco.mil.cl\/index.php\/wp-json\/wp\/v2\/posts"}],"about":[{"href":"https:\/\/www.emco.mil.cl\/index.php\/wp-json\/wp\/v2\/types\/post"}],"author":[{"embeddable":true,"href":"https:\/\/www.emco.mil.cl\/index.php\/wp-json\/wp\/v2\/users\/7"}],"replies":[{"embeddable":true,"href":"https:\/\/www.emco.mil.cl\/index.php\/wp-json\/wp\/v2\/comments?post=13236"}],"version-history":[{"count":1,"href":"https:\/\/www.emco.mil.cl\/index.php\/wp-json\/wp\/v2\/posts\/13236\/revisions"}],"predecessor-version":[{"id":13244,"href":"https:\/\/www.emco.mil.cl\/index.php\/wp-json\/wp\/v2\/posts\/13236\/revisions\/13244"}],"wp:featuredmedia":[{"embeddable":true,"href":"https:\/\/www.emco.mil.cl\/index.php\/wp-json\/wp\/v2\/media\/13237"}],"wp:attachment":[{"href":"https:\/\/www.emco.mil.cl\/index.php\/wp-json\/wp\/v2\/media?parent=13236"}],"wp:term":[{"taxonomy":"category","embeddable":true,"href":"https:\/\/www.emco.mil.cl\/index.php\/wp-json\/wp\/v2\/categories?post=13236"},{"taxonomy":"post_tag","embeddable":true,"href":"https:\/\/www.emco.mil.cl\/index.php\/wp-json\/wp\/v2\/tags?post=13236"}],"curies":[{"name":"wp","href":"https:\/\/api.w.org\/{rel}","templated":true}]}}