{"id":13229,"date":"2025-08-18T14:17:45","date_gmt":"2025-08-18T18:17:45","guid":{"rendered":"https:\/\/www.emco.mil.cl\/?p=13229"},"modified":"2025-08-18T15:17:44","modified_gmt":"2025-08-18T19:17:44","slug":"personal-de-cecopac-participa-en-peru-de-seminario-regional-organizado-por-southcom","status":"publish","type":"post","link":"https:\/\/www.emco.mil.cl\/index.php\/2025\/08\/18\/personal-de-cecopac-participa-en-peru-de-seminario-regional-organizado-por-southcom\/","title":{"rendered":"PERSONAL DE CECOPAC PARTICIPA EN PER\u00da DE SEMINARIO REGIONAL ORGANIZADO POR SOUTHCOM"},"content":{"rendered":"\n<p>Entre el 11 al 15 de agosto, en la ciudad de Lima, se desarroll\u00f3 el Seminario denominado \u201c<em>Empoderando al Combatiente, Promoviendo la Paz a trav\u00e9s de la Unidad: Sinergias regional de la Fuerza Total en Defensa y Seguridad<\/em>\u201d organizado por el Comando Sur de Estados Unidos (SOUTHCOM) junto al Ministerio de Defensa de Per\u00fa y la Escuela Superior de Guerra del Ej\u00e9rcito de Per\u00fa.<\/p>\n\n\n\n<p>En el marco de la agenda \u201cMujer, Paz y Seguridad\u201d, la Jefa del Departamento Docente de CECOPAC, Capit\u00e1n Carla Gonz\u00e1lez, junto representantes de la Subsecretaria de Defensa y de las FF.AA. asistieron a las distintas sesiones de trabajos relacionadas a la igualdad de g\u00e9nero, gesti\u00f3n del riesgo ante desastres, derechos humanos y m\u00e9todos para el an\u00e1lisis socio cultural con integraci\u00f3n en la agenda de \u201cMujer, Paz y Seguridad\u201d.<\/p>\n\n\n\n<p>A trav\u00e9s de conferencias, paneles y espacios de di\u00e1logo, este seminario permiti\u00f3 reunir a distintos expertos de Chile, Per\u00fa, Uruguay, Paraguay y EEUU con la finalidad intercambiar experiencias y fortalecer la cooperaci\u00f3n internacional en materia de Defensa.<\/p>\n\n\n\n<p>CECOPAC integrar\u00e1 las actualizaciones y nuevos contenidos en las distintas capacitaciones impartidas durante el a\u00f1o<\/p>\n\n\n\n<figure class=\"wp-block-gallery has-nested-images columns-default is-cropped wp-block-gallery-1 is-layout-flex wp-block-gallery-is-layout-flex\">\n<figure class=\"wp-block-image size-large\"><img fetchpriority=\"high\" decoding=\"async\" width=\"900\" height=\"600\" data-id=\"13231\" src=\"https:\/\/www.emco.mil.cl\/wp-content\/uploads\/2025\/08\/intranet-8.jpg\" alt=\"\" class=\"wp-image-13231\" srcset=\"https:\/\/www.emco.mil.cl\/wp-content\/uploads\/2025\/08\/intranet-8.jpg 900w, https:\/\/www.emco.mil.cl\/wp-content\/uploads\/2025\/08\/intranet-8-300x200.jpg 300w, https:\/\/www.emco.mil.cl\/wp-content\/uploads\/2025\/08\/intranet-8-768x512.jpg 768w\" sizes=\"(max-width: 900px) 100vw, 900px\" \/><\/figure>\n\n\n\n<figure class=\"wp-block-image size-large\"><img decoding=\"async\" width=\"900\" height=\"601\" data-id=\"13232\" src=\"https:\/\/www.emco.mil.cl\/wp-content\/uploads\/2025\/08\/intranet2-9.jpg\" alt=\"\" class=\"wp-image-13232\" srcset=\"https:\/\/www.emco.mil.cl\/wp-content\/uploads\/2025\/08\/intranet2-9.jpg 900w, https:\/\/www.emco.mil.cl\/wp-content\/uploads\/2025\/08\/intranet2-9-300x200.jpg 300w, https:\/\/www.emco.mil.cl\/wp-content\/uploads\/2025\/08\/intranet2-9-768x513.jpg 768w\" sizes=\"(max-width: 900px) 100vw, 900px\" \/><\/figure>\n\n\n\n<figure class=\"wp-block-image size-large\"><img decoding=\"async\" width=\"900\" height=\"600\" data-id=\"13233\" src=\"https:\/\/www.emco.mil.cl\/wp-content\/uploads\/2025\/08\/intranet3-7.jpg\" alt=\"\" class=\"wp-image-13233\" srcset=\"https:\/\/www.emco.mil.cl\/wp-content\/uploads\/2025\/08\/intranet3-7.jpg 900w, https:\/\/www.emco.mil.cl\/wp-content\/uploads\/2025\/08\/intranet3-7-300x200.jpg 300w, https:\/\/www.emco.mil.cl\/wp-content\/uploads\/2025\/08\/intranet3-7-768x512.jpg 768w\" sizes=\"(max-width: 900px) 100vw, 900px\" \/><\/figure>\n<\/figure>\n","protected":false},"excerpt":{"rendered":"<p>Entre el 11 al 15 de agosto, en la ciudad de Lima, se desarroll\u00f3 el Seminario denominado \u201cEmpoderando al Combatiente, Promoviendo la Paz a trav\u00e9s de la Unidad: Sinergias regional de la Fuerza Total en Defensa y Seguridad\u201d organizado por el Comando Sur de Estados Unidos (SOUTHCOM) junto al Ministerio de Defensa de Per\u00fa y&#8230;<\/p>\n","protected":false},"author":7,"featured_media":13230,"comment_status":"closed","ping_status":"closed","sticky":false,"template":"","format":"standard","meta":{"_kad_post_transparent":"","_kad_post_title":"","_kad_post_layout":"","_kad_post_sidebar_id":"","_kad_post_content_style":"","_kad_post_vertical_padding":"","_kad_post_feature":"","_kad_post_feature_position":"","_kad_post_header":false,"_kad_post_footer":false,"footnotes":""},"categories":[33,3],"tags":[],"class_list":["post-13229","post","type-post","status-publish","format-standard","has-post-thumbnail","hentry","category-33","category-noticias"],"_links":{"self":[{"href":"https:\/\/www.emco.mil.cl\/index.php\/wp-json\/wp\/v2\/posts\/13229","targetHints":{"allow":["GET"]}}],"collection":[{"href":"https:\/\/www.emco.mil.cl\/index.php\/wp-json\/wp\/v2\/posts"}],"about":[{"href":"https:\/\/www.emco.mil.cl\/index.php\/wp-json\/wp\/v2\/types\/post"}],"author":[{"embeddable":true,"href":"https:\/\/www.emco.mil.cl\/index.php\/wp-json\/wp\/v2\/users\/7"}],"replies":[{"embeddable":true,"href":"https:\/\/www.emco.mil.cl\/index.php\/wp-json\/wp\/v2\/comments?post=13229"}],"version-history":[{"count":2,"href":"https:\/\/www.emco.mil.cl\/index.php\/wp-json\/wp\/v2\/posts\/13229\/revisions"}],"predecessor-version":[{"id":13235,"href":"https:\/\/www.emco.mil.cl\/index.php\/wp-json\/wp\/v2\/posts\/13229\/revisions\/13235"}],"wp:featuredmedia":[{"embeddable":true,"href":"https:\/\/www.emco.mil.cl\/index.php\/wp-json\/wp\/v2\/media\/13230"}],"wp:attachment":[{"href":"https:\/\/www.emco.mil.cl\/index.php\/wp-json\/wp\/v2\/media?parent=13229"}],"wp:term":[{"taxonomy":"category","embeddable":true,"href":"https:\/\/www.emco.mil.cl\/index.php\/wp-json\/wp\/v2\/categories?post=13229"},{"taxonomy":"post_tag","embeddable":true,"href":"https:\/\/www.emco.mil.cl\/index.php\/wp-json\/wp\/v2\/tags?post=13229"}],"curies":[{"name":"wp","href":"https:\/\/api.w.org\/{rel}","templated":true}]}}