{"id":13224,"date":"2025-08-13T14:45:36","date_gmt":"2025-08-13T18:45:36","guid":{"rendered":"https:\/\/www.emco.mil.cl\/?p=13224"},"modified":"2025-08-13T14:45:36","modified_gmt":"2025-08-13T18:45:36","slug":"chile-fortalece-sus-capacidades-logisticas-con-participacion-en-curso-avanzado-de-catalogacion-en-brasil","status":"publish","type":"post","link":"https:\/\/www.emco.mil.cl\/index.php\/2025\/08\/13\/chile-fortalece-sus-capacidades-logisticas-con-participacion-en-curso-avanzado-de-catalogacion-en-brasil\/","title":{"rendered":"CHILE FORTALECE SUS CAPACIDADES LOG\u00cdSTICAS CON PARTICIPACI\u00d3N EN CURSO AVANZADO DE CATALOGACI\u00d3N EN BRASIL"},"content":{"rendered":"\n<p>Del 11 de agosto al 5 de septiembre, personal del Estado Mayor Conjunto se encuentra participando en el Curso Avanzado de Catalogaci\u00f3n en el Centro de Instrucci\u00f3n y Adiestramiento \u201cNewton Braga\u201d de la Marina Brasile\u00f1a. La instancia, que re\u00fane profesionales de las Fuerzas Armadas de Brasil y empresas del sector defensa, es clave en el camino hacia el ascenso de Chile a Nivel 2 del Sistema OTAN de Catalogaci\u00f3n.<\/p>\n\n\n\n<p>En representaci\u00f3n de Chile participa el Sargento Primero Sebasti\u00e1n Pierattini, dotaci\u00f3n de la Oficina de Catalogaci\u00f3n de la Defensa (OCD) de la Direcci\u00f3n de Personal Log\u00edstica Estrat\u00e9gica del EMCO, quien se suma a esta instancia formativa clave en la que participan cera de 20 alumnos de las FF.AA. de Brasil as\u00ed como representantes de empresas del sector defensa brasile\u00f1o.<\/p>\n\n\n\n<p>Esta capacitaci\u00f3n es considerada un paso fundamental dentro del proceso de postulaci\u00f3n de Chile al Nivel 2 del Sistema OTAN de Catalogaci\u00f3n (NATO Codification System, NCS), meta que busca fortalecer la interoperabilidad, estandarizaci\u00f3n y eficiencia log\u00edstica de las Fuerzas Armadas y del sector defensa nacional.<\/p>\n\n\n\n<p>El Curso Avanzado de Catalogaci\u00f3n forma parte del Plan de Trabajo 2025 de la OCD. Como continuidad de este esfuerzo, en noviembre del presente a\u00f1o, el EMCO llevar\u00e1 a cabo en Chile el Curso de Catalogaci\u00f3n Nivel 1, dirigido a personal del Ej\u00e9rcito, Armada, Fuerza A\u00e9rea, as\u00ed como de FAMAE, ASMAR y ENAER, reafirmando el compromiso de avanzar en la capacitaci\u00f3n y profesionalizaci\u00f3n del \u00e1rea log\u00edstica.<\/p>\n\n\n\n<p>Con iniciativas como esta, Chile consolida su camino hacia la adopci\u00f3n de est\u00e1ndares internacionales de catalogaci\u00f3n, potenciando sus capacidades t\u00e9cnicas y contribuyendo a una defensa m\u00e1s integrada y eficiente.<\/p>\n\n\n\n<figure class=\"wp-block-gallery has-nested-images columns-default is-cropped wp-block-gallery-1 is-layout-flex wp-block-gallery-is-layout-flex\">\n<figure class=\"wp-block-image size-large\"><img fetchpriority=\"high\" decoding=\"async\" width=\"900\" height=\"602\" data-id=\"13226\" src=\"https:\/\/www.emco.mil.cl\/wp-content\/uploads\/2025\/08\/intranet-7.jpg\" alt=\"\" class=\"wp-image-13226\" srcset=\"https:\/\/www.emco.mil.cl\/wp-content\/uploads\/2025\/08\/intranet-7.jpg 900w, https:\/\/www.emco.mil.cl\/wp-content\/uploads\/2025\/08\/intranet-7-300x201.jpg 300w, https:\/\/www.emco.mil.cl\/wp-content\/uploads\/2025\/08\/intranet-7-768x514.jpg 768w\" sizes=\"(max-width: 900px) 100vw, 900px\" \/><\/figure>\n\n\n\n<figure class=\"wp-block-image size-large\"><img decoding=\"async\" width=\"900\" height=\"602\" data-id=\"13227\" src=\"https:\/\/www.emco.mil.cl\/wp-content\/uploads\/2025\/08\/intranet2-8.jpg\" alt=\"\" class=\"wp-image-13227\" srcset=\"https:\/\/www.emco.mil.cl\/wp-content\/uploads\/2025\/08\/intranet2-8.jpg 900w, https:\/\/www.emco.mil.cl\/wp-content\/uploads\/2025\/08\/intranet2-8-300x201.jpg 300w, https:\/\/www.emco.mil.cl\/wp-content\/uploads\/2025\/08\/intranet2-8-768x514.jpg 768w\" sizes=\"(max-width: 900px) 100vw, 900px\" \/><\/figure>\n<\/figure>\n","protected":false},"excerpt":{"rendered":"<p>Del 11 de agosto al 5 de septiembre, personal del Estado Mayor Conjunto se encuentra participando en el Curso Avanzado de Catalogaci\u00f3n en el Centro de Instrucci\u00f3n y Adiestramiento \u201cNewton Braga\u201d de la Marina Brasile\u00f1a. La instancia, que re\u00fane profesionales de las Fuerzas Armadas de Brasil y empresas del sector defensa, es clave en el&#8230;<\/p>\n","protected":false},"author":7,"featured_media":13225,"comment_status":"closed","ping_status":"closed","sticky":false,"template":"","format":"standard","meta":{"_kad_post_transparent":"","_kad_post_title":"","_kad_post_layout":"","_kad_post_sidebar_id":"","_kad_post_content_style":"","_kad_post_vertical_padding":"","_kad_post_feature":"","_kad_post_feature_position":"","_kad_post_header":false,"_kad_post_footer":false,"footnotes":""},"categories":[30],"tags":[],"class_list":["post-13224","post","type-post","status-publish","format-standard","has-post-thumbnail","hentry","category-30"],"_links":{"self":[{"href":"https:\/\/www.emco.mil.cl\/index.php\/wp-json\/wp\/v2\/posts\/13224","targetHints":{"allow":["GET"]}}],"collection":[{"href":"https:\/\/www.emco.mil.cl\/index.php\/wp-json\/wp\/v2\/posts"}],"about":[{"href":"https:\/\/www.emco.mil.cl\/index.php\/wp-json\/wp\/v2\/types\/post"}],"author":[{"embeddable":true,"href":"https:\/\/www.emco.mil.cl\/index.php\/wp-json\/wp\/v2\/users\/7"}],"replies":[{"embeddable":true,"href":"https:\/\/www.emco.mil.cl\/index.php\/wp-json\/wp\/v2\/comments?post=13224"}],"version-history":[{"count":1,"href":"https:\/\/www.emco.mil.cl\/index.php\/wp-json\/wp\/v2\/posts\/13224\/revisions"}],"predecessor-version":[{"id":13228,"href":"https:\/\/www.emco.mil.cl\/index.php\/wp-json\/wp\/v2\/posts\/13224\/revisions\/13228"}],"wp:featuredmedia":[{"embeddable":true,"href":"https:\/\/www.emco.mil.cl\/index.php\/wp-json\/wp\/v2\/media\/13225"}],"wp:attachment":[{"href":"https:\/\/www.emco.mil.cl\/index.php\/wp-json\/wp\/v2\/media?parent=13224"}],"wp:term":[{"taxonomy":"category","embeddable":true,"href":"https:\/\/www.emco.mil.cl\/index.php\/wp-json\/wp\/v2\/categories?post=13224"},{"taxonomy":"post_tag","embeddable":true,"href":"https:\/\/www.emco.mil.cl\/index.php\/wp-json\/wp\/v2\/tags?post=13224"}],"curies":[{"name":"wp","href":"https:\/\/api.w.org\/{rel}","templated":true}]}}