{"id":13186,"date":"2025-08-12T08:34:11","date_gmt":"2025-08-12T12:34:11","guid":{"rendered":"https:\/\/www.emco.mil.cl\/?p=13186"},"modified":"2025-08-12T08:34:11","modified_gmt":"2025-08-12T12:34:11","slug":"director-de-operaciones-y-conduccion-conjunta-del-emco-visita-personal-desplegado-en-operaciones-de-paz","status":"publish","type":"post","link":"https:\/\/www.emco.mil.cl\/index.php\/2025\/08\/12\/director-de-operaciones-y-conduccion-conjunta-del-emco-visita-personal-desplegado-en-operaciones-de-paz\/","title":{"rendered":"DIRECTOR DE OPERACIONES Y CONDUCCI\u00d3N CONJUNTA DEL EMCO VISITA PERSONAL DESPLEGADO EN OPERACIONES DE PAZ"},"content":{"rendered":"\n<p>Entre el 04 y el 08 de agosto el Director de Operaciones y Conducci\u00f3n Conjunta del Estado Mayor Conjunto Contraalmirante \u00d3scar Manzano realiz\u00f3 una visita a Chipre para reunirse con el contingente chileno que integra la Fuerza de Tarea Argentina desplegada en la misi\u00f3n de paz de la Fuerza de las Naciones Unidas para el Mantenimiento de la Paz en Chipre (UNFICYP).<\/p>\n\n\n\n<p>En el marco de esta visita, el Director de la DOPCON sostuvo una reuni\u00f3n con el Comandante de la Fuerza de la UNFICYP, General de Divisi\u00f3n Erdenebat Batsuuri.<\/p>\n\n\n\n<p>Durante su desplazamiento, el Contraalmirante Manzano visit\u00f3 el Campo San Mart\u00edn, ubicado a 50 kil\u00f3metros al oeste de Nicosia, capital de Chipre, instancia en la que recorri\u00f3 los Puestos de Observaci\u00f3n dispuestos en la \u201cBuffer Zone\u201d.<\/p>\n\n\n\n<p>Actualmente son 10 los pa\u00edses que contribuyen con un contingente policiales y tropas en Chipre, entre ellos Chile con 6 militares que integran la Fuerza de Tarea Argentina durante un per\u00edodo de seis meses, altern\u00e1ndose entre el Ej\u00e9rcito de Chile y la Armada.<\/p>\n\n\n\n<p>Posteriormente desde el Cuartel General de Camp Butmir, ubicado en Sarajevo, el Director de la DOPCON,&nbsp; Contraalmirante \u00d3scar Manzano realiz\u00f3 un saludo protocolar al Comandante de la Fuerza de la Uni\u00f3n Europea en Bosnia y Herzegovina General de Divisi\u00f3n Florin Marian, instancia en la que abordaron la situaci\u00f3n actual de seguridad en dicho pa\u00eds y la valiosa contribuci\u00f3n del personal chileno.<\/p>\n\n\n\n<p>Asimismo, se reuni\u00f3 con el contingente chileno desplegado en la misi\u00f3n de Bosnia Herzegovina, integrada por personal del Ej\u00e9rcito de Chile y de la Armada, que durante 7 meses cumplen distintas tareas\u00a0en Sarajevo.<\/p>\n\n\n\n<figure class=\"wp-block-gallery has-nested-images columns-default is-cropped wp-block-gallery-1 is-layout-flex wp-block-gallery-is-layout-flex\">\n<figure class=\"wp-block-image size-large\"><img fetchpriority=\"high\" decoding=\"async\" width=\"900\" height=\"606\" data-id=\"13188\" src=\"https:\/\/www.emco.mil.cl\/wp-content\/uploads\/2025\/08\/intranet-5.jpg\" alt=\"\" class=\"wp-image-13188\" srcset=\"https:\/\/www.emco.mil.cl\/wp-content\/uploads\/2025\/08\/intranet-5.jpg 900w, https:\/\/www.emco.mil.cl\/wp-content\/uploads\/2025\/08\/intranet-5-300x202.jpg 300w, https:\/\/www.emco.mil.cl\/wp-content\/uploads\/2025\/08\/intranet-5-768x517.jpg 768w\" sizes=\"(max-width: 900px) 100vw, 900px\" \/><\/figure>\n\n\n\n<figure class=\"wp-block-image size-large\"><img decoding=\"async\" width=\"900\" height=\"600\" data-id=\"13189\" src=\"https:\/\/www.emco.mil.cl\/wp-content\/uploads\/2025\/08\/intranet2-5.jpg\" alt=\"\" class=\"wp-image-13189\" srcset=\"https:\/\/www.emco.mil.cl\/wp-content\/uploads\/2025\/08\/intranet2-5.jpg 900w, https:\/\/www.emco.mil.cl\/wp-content\/uploads\/2025\/08\/intranet2-5-300x200.jpg 300w, https:\/\/www.emco.mil.cl\/wp-content\/uploads\/2025\/08\/intranet2-5-768x512.jpg 768w\" sizes=\"(max-width: 900px) 100vw, 900px\" \/><\/figure>\n\n\n\n<figure class=\"wp-block-image size-large\"><img decoding=\"async\" width=\"900\" height=\"599\" data-id=\"13190\" src=\"https:\/\/www.emco.mil.cl\/wp-content\/uploads\/2025\/08\/intranet3-5.jpg\" alt=\"\" class=\"wp-image-13190\" srcset=\"https:\/\/www.emco.mil.cl\/wp-content\/uploads\/2025\/08\/intranet3-5.jpg 900w, https:\/\/www.emco.mil.cl\/wp-content\/uploads\/2025\/08\/intranet3-5-300x200.jpg 300w, https:\/\/www.emco.mil.cl\/wp-content\/uploads\/2025\/08\/intranet3-5-768x511.jpg 768w\" sizes=\"(max-width: 900px) 100vw, 900px\" \/><\/figure>\n\n\n\n<figure class=\"wp-block-image size-large\"><img loading=\"lazy\" decoding=\"async\" width=\"900\" height=\"599\" data-id=\"13192\" src=\"https:\/\/www.emco.mil.cl\/wp-content\/uploads\/2025\/08\/intranet4-5.jpg\" alt=\"\" class=\"wp-image-13192\" srcset=\"https:\/\/www.emco.mil.cl\/wp-content\/uploads\/2025\/08\/intranet4-5.jpg 900w, https:\/\/www.emco.mil.cl\/wp-content\/uploads\/2025\/08\/intranet4-5-300x200.jpg 300w, https:\/\/www.emco.mil.cl\/wp-content\/uploads\/2025\/08\/intranet4-5-768x511.jpg 768w\" sizes=\"(max-width: 900px) 100vw, 900px\" \/><\/figure>\n\n\n\n<figure class=\"wp-block-image size-large\"><img loading=\"lazy\" decoding=\"async\" width=\"900\" height=\"600\" data-id=\"13191\" src=\"https:\/\/www.emco.mil.cl\/wp-content\/uploads\/2025\/08\/intranet5-4.jpg\" alt=\"\" class=\"wp-image-13191\" srcset=\"https:\/\/www.emco.mil.cl\/wp-content\/uploads\/2025\/08\/intranet5-4.jpg 900w, https:\/\/www.emco.mil.cl\/wp-content\/uploads\/2025\/08\/intranet5-4-300x200.jpg 300w, https:\/\/www.emco.mil.cl\/wp-content\/uploads\/2025\/08\/intranet5-4-768x512.jpg 768w\" sizes=\"(max-width: 900px) 100vw, 900px\" \/><\/figure>\n\n\n\n<figure class=\"wp-block-image size-large\"><img loading=\"lazy\" decoding=\"async\" width=\"900\" height=\"600\" data-id=\"13193\" src=\"https:\/\/www.emco.mil.cl\/wp-content\/uploads\/2025\/08\/intranet6-2.jpg\" alt=\"\" class=\"wp-image-13193\" srcset=\"https:\/\/www.emco.mil.cl\/wp-content\/uploads\/2025\/08\/intranet6-2.jpg 900w, https:\/\/www.emco.mil.cl\/wp-content\/uploads\/2025\/08\/intranet6-2-300x200.jpg 300w, https:\/\/www.emco.mil.cl\/wp-content\/uploads\/2025\/08\/intranet6-2-768x512.jpg 768w\" sizes=\"(max-width: 900px) 100vw, 900px\" \/><\/figure>\n\n\n\n<figure class=\"wp-block-image size-large\"><img loading=\"lazy\" decoding=\"async\" width=\"900\" height=\"600\" data-id=\"13194\" src=\"https:\/\/www.emco.mil.cl\/wp-content\/uploads\/2025\/08\/intranet8-2.jpg\" alt=\"\" class=\"wp-image-13194\" srcset=\"https:\/\/www.emco.mil.cl\/wp-content\/uploads\/2025\/08\/intranet8-2.jpg 900w, https:\/\/www.emco.mil.cl\/wp-content\/uploads\/2025\/08\/intranet8-2-300x200.jpg 300w, https:\/\/www.emco.mil.cl\/wp-content\/uploads\/2025\/08\/intranet8-2-768x512.jpg 768w\" sizes=\"(max-width: 900px) 100vw, 900px\" \/><\/figure>\n\n\n\n<figure class=\"wp-block-image size-large\"><img loading=\"lazy\" decoding=\"async\" width=\"900\" height=\"600\" data-id=\"13195\" src=\"https:\/\/www.emco.mil.cl\/wp-content\/uploads\/2025\/08\/intranet9-1.jpg\" alt=\"\" class=\"wp-image-13195\" srcset=\"https:\/\/www.emco.mil.cl\/wp-content\/uploads\/2025\/08\/intranet9-1.jpg 900w, https:\/\/www.emco.mil.cl\/wp-content\/uploads\/2025\/08\/intranet9-1-300x200.jpg 300w, https:\/\/www.emco.mil.cl\/wp-content\/uploads\/2025\/08\/intranet9-1-768x512.jpg 768w\" sizes=\"(max-width: 900px) 100vw, 900px\" \/><\/figure>\n\n\n\n<figure class=\"wp-block-image size-large\"><img loading=\"lazy\" decoding=\"async\" width=\"900\" height=\"600\" data-id=\"13196\" src=\"https:\/\/www.emco.mil.cl\/wp-content\/uploads\/2025\/08\/intranet10-1.jpg\" alt=\"\" class=\"wp-image-13196\" srcset=\"https:\/\/www.emco.mil.cl\/wp-content\/uploads\/2025\/08\/intranet10-1.jpg 900w, https:\/\/www.emco.mil.cl\/wp-content\/uploads\/2025\/08\/intranet10-1-300x200.jpg 300w, https:\/\/www.emco.mil.cl\/wp-content\/uploads\/2025\/08\/intranet10-1-768x512.jpg 768w\" sizes=\"(max-width: 900px) 100vw, 900px\" \/><\/figure>\n<\/figure>\n","protected":false},"excerpt":{"rendered":"<p>Entre el 04 y el 08 de agosto el Director de Operaciones y Conducci\u00f3n Conjunta del Estado Mayor Conjunto Contraalmirante \u00d3scar Manzano realiz\u00f3 una visita a Chipre para reunirse con el contingente chileno que integra la Fuerza de Tarea Argentina desplegada en la misi\u00f3n de paz de la Fuerza de las Naciones Unidas para el&#8230;<\/p>\n","protected":false},"author":7,"featured_media":13187,"comment_status":"closed","ping_status":"closed","sticky":false,"template":"","format":"standard","meta":{"_kad_post_transparent":"","_kad_post_title":"","_kad_post_layout":"","_kad_post_sidebar_id":"","_kad_post_content_style":"","_kad_post_vertical_padding":"","_kad_post_feature":"","_kad_post_feature_position":"","_kad_post_header":false,"_kad_post_footer":false,"footnotes":""},"categories":[33,3],"tags":[],"class_list":["post-13186","post","type-post","status-publish","format-standard","has-post-thumbnail","hentry","category-33","category-noticias"],"_links":{"self":[{"href":"https:\/\/www.emco.mil.cl\/index.php\/wp-json\/wp\/v2\/posts\/13186","targetHints":{"allow":["GET"]}}],"collection":[{"href":"https:\/\/www.emco.mil.cl\/index.php\/wp-json\/wp\/v2\/posts"}],"about":[{"href":"https:\/\/www.emco.mil.cl\/index.php\/wp-json\/wp\/v2\/types\/post"}],"author":[{"embeddable":true,"href":"https:\/\/www.emco.mil.cl\/index.php\/wp-json\/wp\/v2\/users\/7"}],"replies":[{"embeddable":true,"href":"https:\/\/www.emco.mil.cl\/index.php\/wp-json\/wp\/v2\/comments?post=13186"}],"version-history":[{"count":1,"href":"https:\/\/www.emco.mil.cl\/index.php\/wp-json\/wp\/v2\/posts\/13186\/revisions"}],"predecessor-version":[{"id":13197,"href":"https:\/\/www.emco.mil.cl\/index.php\/wp-json\/wp\/v2\/posts\/13186\/revisions\/13197"}],"wp:featuredmedia":[{"embeddable":true,"href":"https:\/\/www.emco.mil.cl\/index.php\/wp-json\/wp\/v2\/media\/13187"}],"wp:attachment":[{"href":"https:\/\/www.emco.mil.cl\/index.php\/wp-json\/wp\/v2\/media?parent=13186"}],"wp:term":[{"taxonomy":"category","embeddable":true,"href":"https:\/\/www.emco.mil.cl\/index.php\/wp-json\/wp\/v2\/categories?post=13186"},{"taxonomy":"post_tag","embeddable":true,"href":"https:\/\/www.emco.mil.cl\/index.php\/wp-json\/wp\/v2\/tags?post=13186"}],"curies":[{"name":"wp","href":"https:\/\/api.w.org\/{rel}","templated":true}]}}