{"id":13179,"date":"2025-08-11T14:10:21","date_gmt":"2025-08-11T18:10:21","guid":{"rendered":"https:\/\/www.emco.mil.cl\/?p=13179"},"modified":"2025-08-11T14:10:21","modified_gmt":"2025-08-11T18:10:21","slug":"departamento-de-asuntos-antarticos-del-emco-asiste-a-la-37-reunion-de-administradores-de-programas-antarticos","status":"publish","type":"post","link":"https:\/\/www.emco.mil.cl\/index.php\/2025\/08\/11\/departamento-de-asuntos-antarticos-del-emco-asiste-a-la-37-reunion-de-administradores-de-programas-antarticos\/","title":{"rendered":"DEPARTAMENTO DE ASUNTOS ANT\u00c1RTICOS DEL EMCO ASISTE A LA 37\u00b0 REUNI\u00d3N DE ADMINISTRADORES DE PROGRAMAS ANT\u00c1RTICOS"},"content":{"rendered":"\n<p>Entre el 04 y el 08 de agosto se llev\u00f3 a cabo la 37\u00b0 Reuni\u00f3n Anual del Consejo de Administradores de Programas Ant\u00e1rticos (COMNAP) en Varsovia, Polonia, uno de los foros ant\u00e1rticos m\u00e1s relevantes a nivel internacional, cuyo objetivo es compartir mejores pr\u00e1cticas entorno la gesti\u00f3n del apoyo de la investigaci\u00f3n cient\u00edfica en la Ant\u00e1rtica.<\/p>\n\n\n\n<p>En este contexto, particip\u00f3 el Jefe del Departamento de Asuntos Ant\u00e1rticos del Estado Mayor Conjunto, Capit\u00e1n de Fragata Rodrigo Lepe quien expuso sobre la pr\u00f3xima campa\u00f1a Estaci\u00f3n Polar Cient\u00edfica Conjunta \u201cGlaciar Uni\u00f3n\u201d resaltando el esfuerzo multidisciplinario conjunto para su desarrollo.<\/p>\n\n\n\n<p>Durante las jornadas de trabajo se abordaron tambi\u00e9n temas relacionados a la protecci\u00f3n del medio ambiente, la log\u00edstica y la ciencia, la seguridad en el Continente Blanco, entre otros.<\/p>\n\n\n\n<p>CONMAP es una asociaci\u00f3n internacional creada en 1988, re\u00fane a 33 pa\u00edses, entre ellos Chile, que son partes consultivas y cuyo prop\u00f3sito es promover las buenas pr\u00e1cticas para el desarrollo de las actividades cient\u00edfica.<\/p>\n\n\n\n<figure class=\"wp-block-gallery has-nested-images columns-default is-cropped wp-block-gallery-1 is-layout-flex wp-block-gallery-is-layout-flex\">\n<figure class=\"wp-block-image size-large\"><img fetchpriority=\"high\" decoding=\"async\" width=\"900\" height=\"604\" data-id=\"13181\" src=\"https:\/\/www.emco.mil.cl\/wp-content\/uploads\/2025\/08\/intranet-4.jpg\" alt=\"\" class=\"wp-image-13181\" srcset=\"https:\/\/www.emco.mil.cl\/wp-content\/uploads\/2025\/08\/intranet-4.jpg 900w, https:\/\/www.emco.mil.cl\/wp-content\/uploads\/2025\/08\/intranet-4-300x201.jpg 300w, https:\/\/www.emco.mil.cl\/wp-content\/uploads\/2025\/08\/intranet-4-768x515.jpg 768w\" sizes=\"(max-width: 900px) 100vw, 900px\" \/><\/figure>\n\n\n\n<figure class=\"wp-block-image size-large\"><img decoding=\"async\" width=\"900\" height=\"597\" data-id=\"13182\" src=\"https:\/\/www.emco.mil.cl\/wp-content\/uploads\/2025\/08\/intranet2-4.jpg\" alt=\"\" class=\"wp-image-13182\" srcset=\"https:\/\/www.emco.mil.cl\/wp-content\/uploads\/2025\/08\/intranet2-4.jpg 900w, https:\/\/www.emco.mil.cl\/wp-content\/uploads\/2025\/08\/intranet2-4-300x199.jpg 300w, https:\/\/www.emco.mil.cl\/wp-content\/uploads\/2025\/08\/intranet2-4-768x509.jpg 768w\" sizes=\"(max-width: 900px) 100vw, 900px\" \/><\/figure>\n\n\n\n<figure class=\"wp-block-image size-large\"><img decoding=\"async\" width=\"900\" height=\"600\" data-id=\"13183\" src=\"https:\/\/www.emco.mil.cl\/wp-content\/uploads\/2025\/08\/intranet3-4.jpg\" alt=\"\" class=\"wp-image-13183\" srcset=\"https:\/\/www.emco.mil.cl\/wp-content\/uploads\/2025\/08\/intranet3-4.jpg 900w, https:\/\/www.emco.mil.cl\/wp-content\/uploads\/2025\/08\/intranet3-4-300x200.jpg 300w, https:\/\/www.emco.mil.cl\/wp-content\/uploads\/2025\/08\/intranet3-4-768x512.jpg 768w\" sizes=\"(max-width: 900px) 100vw, 900px\" \/><\/figure>\n\n\n\n<figure class=\"wp-block-image size-large\"><img loading=\"lazy\" decoding=\"async\" width=\"900\" height=\"600\" data-id=\"13184\" src=\"https:\/\/www.emco.mil.cl\/wp-content\/uploads\/2025\/08\/intranet4-4.jpg\" alt=\"\" class=\"wp-image-13184\" srcset=\"https:\/\/www.emco.mil.cl\/wp-content\/uploads\/2025\/08\/intranet4-4.jpg 900w, https:\/\/www.emco.mil.cl\/wp-content\/uploads\/2025\/08\/intranet4-4-300x200.jpg 300w, https:\/\/www.emco.mil.cl\/wp-content\/uploads\/2025\/08\/intranet4-4-768x512.jpg 768w\" sizes=\"(max-width: 900px) 100vw, 900px\" \/><\/figure>\n<\/figure>\n","protected":false},"excerpt":{"rendered":"<p>Entre el 04 y el 08 de agosto se llev\u00f3 a cabo la 37\u00b0 Reuni\u00f3n Anual del Consejo de Administradores de Programas Ant\u00e1rticos (COMNAP) en Varsovia, Polonia, uno de los foros ant\u00e1rticos m\u00e1s relevantes a nivel internacional, cuyo objetivo es compartir mejores pr\u00e1cticas entorno la gesti\u00f3n del apoyo de la investigaci\u00f3n cient\u00edfica en la Ant\u00e1rtica&#8230;.<\/p>\n","protected":false},"author":7,"featured_media":13180,"comment_status":"closed","ping_status":"closed","sticky":false,"template":"","format":"standard","meta":{"_kad_post_transparent":"","_kad_post_title":"","_kad_post_layout":"","_kad_post_sidebar_id":"","_kad_post_content_style":"","_kad_post_vertical_padding":"","_kad_post_feature":"","_kad_post_feature_position":"","_kad_post_header":false,"_kad_post_footer":false,"footnotes":""},"categories":[33,3],"tags":[],"class_list":["post-13179","post","type-post","status-publish","format-standard","has-post-thumbnail","hentry","category-33","category-noticias"],"_links":{"self":[{"href":"https:\/\/www.emco.mil.cl\/index.php\/wp-json\/wp\/v2\/posts\/13179","targetHints":{"allow":["GET"]}}],"collection":[{"href":"https:\/\/www.emco.mil.cl\/index.php\/wp-json\/wp\/v2\/posts"}],"about":[{"href":"https:\/\/www.emco.mil.cl\/index.php\/wp-json\/wp\/v2\/types\/post"}],"author":[{"embeddable":true,"href":"https:\/\/www.emco.mil.cl\/index.php\/wp-json\/wp\/v2\/users\/7"}],"replies":[{"embeddable":true,"href":"https:\/\/www.emco.mil.cl\/index.php\/wp-json\/wp\/v2\/comments?post=13179"}],"version-history":[{"count":1,"href":"https:\/\/www.emco.mil.cl\/index.php\/wp-json\/wp\/v2\/posts\/13179\/revisions"}],"predecessor-version":[{"id":13185,"href":"https:\/\/www.emco.mil.cl\/index.php\/wp-json\/wp\/v2\/posts\/13179\/revisions\/13185"}],"wp:featuredmedia":[{"embeddable":true,"href":"https:\/\/www.emco.mil.cl\/index.php\/wp-json\/wp\/v2\/media\/13180"}],"wp:attachment":[{"href":"https:\/\/www.emco.mil.cl\/index.php\/wp-json\/wp\/v2\/media?parent=13179"}],"wp:term":[{"taxonomy":"category","embeddable":true,"href":"https:\/\/www.emco.mil.cl\/index.php\/wp-json\/wp\/v2\/categories?post=13179"},{"taxonomy":"post_tag","embeddable":true,"href":"https:\/\/www.emco.mil.cl\/index.php\/wp-json\/wp\/v2\/tags?post=13179"}],"curies":[{"name":"wp","href":"https:\/\/api.w.org\/{rel}","templated":true}]}}