{"id":11717,"date":"2024-10-07T16:18:43","date_gmt":"2024-10-07T19:18:43","guid":{"rendered":"https:\/\/www.emco.mil.cl\/?p=11717"},"modified":"2024-10-07T16:18:43","modified_gmt":"2024-10-07T19:18:43","slug":"subjefe-del-estado-mayor-conjunto-asiste-a-encuentro-de-autoridades-de-la-defensa-del-pacifico-sur","status":"publish","type":"post","link":"https:\/\/www.emco.mil.cl\/index.php\/2024\/10\/07\/subjefe-del-estado-mayor-conjunto-asiste-a-encuentro-de-autoridades-de-la-defensa-del-pacifico-sur\/","title":{"rendered":"Subjefe del Estado Mayor Conjunto asiste a encuentro de autoridades de la Defensa del Pac\u00edfico Sur"},"content":{"rendered":"\n<p>Entre el 01 y el 03 de octubre se llev\u00f3 a cabo la Reuni\u00f3n de Ministros de Defensa del Pac\u00edfico Sur (SPDMM) por su sigla en ingl\u00e9s \u201c<em>South Pacific Defence Ministers&#8217; Meeting\u201d <\/em>en Nueva Zelanda, cuyo principal objetivo fue abordar los desaf\u00edos de la Defensa con miras al 2050.<\/p>\n\n\n\n<p>A este encuentro anual, en el que participa Chile como miembro permanente junto a otros seis pa\u00edses que conforman la regi\u00f3n del Pac\u00edfico Sur (Australia, Nueva Zelanda, Francia, Fiji, Tonga, Pap\u00faa y Nueva Guinea) asisti\u00f3 el Subsecretario de Defensa, Ricardo Montero junto al Subjefe del Estado Mayor Conjunto General de Divisi\u00f3n Lionel Curti y la Embajadora de Chile en Nueva Zelanda Manahi Pakarati.<\/p>\n\n\n\n<p>En el marco de la IX versi\u00f3n de SPDMM los principales objetivos fueron los siguientes:<\/p>\n\n\n\n<ol class=\"wp-block-list\">\n<li>Proyectar, junto a las otras naciones que componen el Pac\u00edfico Sur, la seguridad de esta zona.<\/li>\n<\/ol>\n\n\n\n<ul class=\"wp-block-list\">\n<li>Dar a conocer la realidad y la manera en que Chile est\u00e1 abordando los desaf\u00edos de la defensa en un contexto complejo como el actual.<\/li>\n<\/ul>\n\n\n\n<ul class=\"wp-block-list\">\n<li>Abordar desde la defensa los escenarios y riesgos que tiene la crisis clim\u00e1tica en la seguridad de los pa\u00edses.<\/li>\n<\/ul>\n\n\n\n<p>En este sentido, el Subsecretario Montero destac\u00f3 que \u201c<em>los plenarios y cada una de las reuniones bilaterales que tuvimos, nos permiti\u00f3 una transferencia de conocimientos y experiencias fundamentales para afrontar el contexto actual y estar preparados para los desaf\u00edos futuros\u201d. Y agreg\u00f3: \u201cContinuaremos trabajando la Defensa desde una mirada multilateral y colaborativa, porque ah\u00ed est\u00e1 la clave de la seguridad que podemos ofrecer al pa\u00eds<\/em>\u201d.<\/p>\n\n\n\n<p>El \u201c<em>South Pacific Defence Ministers&#8217; Meeting\u201d, <\/em>iniciativa creada el a\u00f1o 2013,juega un rol clave para la seguridad del Pac\u00edfico Sur y busca analizar los desaf\u00edos de la Defensa y profundizar la coordinaci\u00f3n de las respuestas ante las posibles amenazas regionales.<\/p>\n\n\n<style>.kb-gallery-id-11717_48aa6b-7d .kadence-blocks-gallery-item .kb-gal-image-radius, .kb-gallery-id-11717_48aa6b-7d .kb-slide-item .kb-gal-image-radius img{border-radius:0px 0px 0px 0px;;}.kb-gallery-wrap-id-11717_48aa6b-7d.wp-block-kadence-advancedgallery{overflow:visible;}.kb-gallery-wrap-id-11717_48aa6b-7d.wp-block-kadence-advancedgallery .kt-blocks-carousel{overflow:visible;}<\/style><div class=\"kb-gallery-wrap-id-11717_48aa6b-7d alignnone wp-block-kadence-advancedgallery\"><div class=\"kb-gallery-ul kb-gallery-non-static kb-gallery-type-slider kb-gallery-id-11717_48aa6b-7d kb-gallery-caption-style-bottom-hover kb-gallery-filter-none\" data-image-filter=\"none\" data-lightbox-caption=\"true\"><div class=\"kt-blocks-carousel kt-carousel-container-dotstyle-dark\"><div class=\"kt-blocks-carousel-init kb-blocks-slider kt-carousel-arrowstyle-whiteondark kt-carousel-dotstyle-dark kb-slider-group-arrow kb-slider-arrow-position-center\" data-slider-anim-speed=\"400\" data-slider-scroll=\"1\" data-slider-arrows=\"true\" data-slider-fade=\"true\" data-slider-dots=\"true\"data-slider-type=\"slider\"  data-slider-hover-pause=\"false\" data-slider-auto=\"1\" data-slider-speed=\"3000\" data-show-pause-button=\"false\"><li class=\"kb-slide-item kb-gallery-slide-item\"><div class=\"kadence-blocks-gallery-item\"><div class=\"kadence-blocks-gallery-item-inner\"><figure class=\"kb-gallery-figure kadence-blocks-gallery-item-hide-caption\"><div class=\"kb-gal-image-radius\"><div class=\"kb-gallery-image-contain kadence-blocks-gallery-intrinsic kb-gallery-image-ratio-land32 kb-has-image-ratio-land32\" ><img fetchpriority=\"high\" decoding=\"async\" src=\"https:\/\/www.emco.mil.cl\/wp-content\/uploads\/2024\/10\/20241007SUBJEMCODEFENSANEWZELANDinterna1.jpg\" width=\"901\" height=\"600\" alt=\"\" data-full-image=\"https:\/\/www.emco.mil.cl\/wp-content\/uploads\/2024\/10\/20241007SUBJEMCODEFENSANEWZELANDinterna1.jpg\" data-light-image=\"https:\/\/www.emco.mil.cl\/wp-content\/uploads\/2024\/10\/20241007SUBJEMCODEFENSANEWZELANDinterna1.jpg\" data-id=\"11719\" class=\"wp-image-11719 skip-lazy\" srcset=\"https:\/\/www.emco.mil.cl\/wp-content\/uploads\/2024\/10\/20241007SUBJEMCODEFENSANEWZELANDinterna1.jpg 901w, https:\/\/www.emco.mil.cl\/wp-content\/uploads\/2024\/10\/20241007SUBJEMCODEFENSANEWZELANDinterna1-300x200.jpg 300w, https:\/\/www.emco.mil.cl\/wp-content\/uploads\/2024\/10\/20241007SUBJEMCODEFENSANEWZELANDinterna1-768x511.jpg 768w\" sizes=\"(max-width: 901px) 100vw, 901px\" \/><\/div><\/div><\/figure><\/div><\/div><\/li><li class=\"kb-slide-item kb-gallery-slide-item\"><div class=\"kadence-blocks-gallery-item\"><div class=\"kadence-blocks-gallery-item-inner\"><figure class=\"kb-gallery-figure kadence-blocks-gallery-item-hide-caption\"><div class=\"kb-gal-image-radius\"><div class=\"kb-gallery-image-contain kadence-blocks-gallery-intrinsic kb-gallery-image-ratio-land32 kb-has-image-ratio-land32\" ><img decoding=\"async\" src=\"https:\/\/www.emco.mil.cl\/wp-content\/uploads\/2024\/10\/20241007SUBJEMCODEFENSANEWZELANDinterna2.jpg\" width=\"900\" height=\"599\" alt=\"\" data-full-image=\"https:\/\/www.emco.mil.cl\/wp-content\/uploads\/2024\/10\/20241007SUBJEMCODEFENSANEWZELANDinterna2.jpg\" data-light-image=\"https:\/\/www.emco.mil.cl\/wp-content\/uploads\/2024\/10\/20241007SUBJEMCODEFENSANEWZELANDinterna2.jpg\" data-id=\"11720\" class=\"wp-image-11720 skip-lazy\" srcset=\"https:\/\/www.emco.mil.cl\/wp-content\/uploads\/2024\/10\/20241007SUBJEMCODEFENSANEWZELANDinterna2.jpg 900w, https:\/\/www.emco.mil.cl\/wp-content\/uploads\/2024\/10\/20241007SUBJEMCODEFENSANEWZELANDinterna2-300x200.jpg 300w, https:\/\/www.emco.mil.cl\/wp-content\/uploads\/2024\/10\/20241007SUBJEMCODEFENSANEWZELANDinterna2-768x511.jpg 768w\" sizes=\"(max-width: 900px) 100vw, 900px\" \/><\/div><\/div><\/figure><\/div><\/div><\/li><li class=\"kb-slide-item kb-gallery-slide-item\"><div class=\"kadence-blocks-gallery-item\"><div class=\"kadence-blocks-gallery-item-inner\"><figure class=\"kb-gallery-figure kadence-blocks-gallery-item-hide-caption\"><div class=\"kb-gal-image-radius\"><div class=\"kb-gallery-image-contain kadence-blocks-gallery-intrinsic kb-gallery-image-ratio-land32 kb-has-image-ratio-land32\" ><img decoding=\"async\" src=\"https:\/\/www.emco.mil.cl\/wp-content\/uploads\/2024\/10\/20241007SUBJEMCODEFENSANEWZELANDinterna3.jpg\" width=\"900\" height=\"599\" alt=\"\" data-full-image=\"https:\/\/www.emco.mil.cl\/wp-content\/uploads\/2024\/10\/20241007SUBJEMCODEFENSANEWZELANDinterna3.jpg\" data-light-image=\"https:\/\/www.emco.mil.cl\/wp-content\/uploads\/2024\/10\/20241007SUBJEMCODEFENSANEWZELANDinterna3.jpg\" data-id=\"11721\" class=\"wp-image-11721 skip-lazy\" srcset=\"https:\/\/www.emco.mil.cl\/wp-content\/uploads\/2024\/10\/20241007SUBJEMCODEFENSANEWZELANDinterna3.jpg 900w, https:\/\/www.emco.mil.cl\/wp-content\/uploads\/2024\/10\/20241007SUBJEMCODEFENSANEWZELANDinterna3-300x200.jpg 300w, https:\/\/www.emco.mil.cl\/wp-content\/uploads\/2024\/10\/20241007SUBJEMCODEFENSANEWZELANDinterna3-768x511.jpg 768w\" sizes=\"(max-width: 900px) 100vw, 900px\" \/><\/div><\/div><\/figure><\/div><\/div><\/li><li class=\"kb-slide-item kb-gallery-slide-item\"><div class=\"kadence-blocks-gallery-item\"><div class=\"kadence-blocks-gallery-item-inner\"><figure class=\"kb-gallery-figure kadence-blocks-gallery-item-hide-caption\"><div class=\"kb-gal-image-radius\"><div class=\"kb-gallery-image-contain kadence-blocks-gallery-intrinsic kb-gallery-image-ratio-land32 kb-has-image-ratio-land32\" ><img loading=\"lazy\" decoding=\"async\" src=\"https:\/\/www.emco.mil.cl\/wp-content\/uploads\/2024\/10\/20241007SUBJEMCODEFENSANEWZELANDinterna4.jpg\" width=\"899\" height=\"600\" alt=\"\" data-full-image=\"https:\/\/www.emco.mil.cl\/wp-content\/uploads\/2024\/10\/20241007SUBJEMCODEFENSANEWZELANDinterna4.jpg\" data-light-image=\"https:\/\/www.emco.mil.cl\/wp-content\/uploads\/2024\/10\/20241007SUBJEMCODEFENSANEWZELANDinterna4.jpg\" data-id=\"11722\" class=\"wp-image-11722 skip-lazy\" srcset=\"https:\/\/www.emco.mil.cl\/wp-content\/uploads\/2024\/10\/20241007SUBJEMCODEFENSANEWZELANDinterna4.jpg 899w, https:\/\/www.emco.mil.cl\/wp-content\/uploads\/2024\/10\/20241007SUBJEMCODEFENSANEWZELANDinterna4-300x200.jpg 300w, https:\/\/www.emco.mil.cl\/wp-content\/uploads\/2024\/10\/20241007SUBJEMCODEFENSANEWZELANDinterna4-768x513.jpg 768w\" sizes=\"(max-width: 899px) 100vw, 899px\" \/><\/div><\/div><\/figure><\/div><\/div><\/li><li class=\"kb-slide-item kb-gallery-slide-item\"><div class=\"kadence-blocks-gallery-item\"><div class=\"kadence-blocks-gallery-item-inner\"><figure class=\"kb-gallery-figure kadence-blocks-gallery-item-hide-caption\"><div class=\"kb-gal-image-radius\"><div class=\"kb-gallery-image-contain kadence-blocks-gallery-intrinsic kb-gallery-image-ratio-land32 kb-has-image-ratio-land32\" ><img loading=\"lazy\" decoding=\"async\" src=\"https:\/\/www.emco.mil.cl\/wp-content\/uploads\/2024\/10\/20241007SUBJEMCODEFENSANEWZELANDinterna5.jpg\" width=\"900\" height=\"600\" alt=\"\" data-full-image=\"https:\/\/www.emco.mil.cl\/wp-content\/uploads\/2024\/10\/20241007SUBJEMCODEFENSANEWZELANDinterna5.jpg\" data-light-image=\"https:\/\/www.emco.mil.cl\/wp-content\/uploads\/2024\/10\/20241007SUBJEMCODEFENSANEWZELANDinterna5.jpg\" data-id=\"11723\" class=\"wp-image-11723 skip-lazy\" srcset=\"https:\/\/www.emco.mil.cl\/wp-content\/uploads\/2024\/10\/20241007SUBJEMCODEFENSANEWZELANDinterna5.jpg 900w, https:\/\/www.emco.mil.cl\/wp-content\/uploads\/2024\/10\/20241007SUBJEMCODEFENSANEWZELANDinterna5-300x200.jpg 300w, https:\/\/www.emco.mil.cl\/wp-content\/uploads\/2024\/10\/20241007SUBJEMCODEFENSANEWZELANDinterna5-768x512.jpg 768w\" sizes=\"(max-width: 900px) 100vw, 900px\" \/><\/div><\/div><\/figure><\/div><\/div><\/li><li class=\"kb-slide-item kb-gallery-slide-item\"><div class=\"kadence-blocks-gallery-item\"><div class=\"kadence-blocks-gallery-item-inner\"><figure class=\"kb-gallery-figure kadence-blocks-gallery-item-hide-caption\"><div class=\"kb-gal-image-radius\"><div class=\"kb-gallery-image-contain kadence-blocks-gallery-intrinsic kb-gallery-image-ratio-land32 kb-has-image-ratio-land32\" ><img loading=\"lazy\" decoding=\"async\" src=\"https:\/\/www.emco.mil.cl\/wp-content\/uploads\/2024\/10\/20241007SUBJEMCODEFENSANEWZELANDinterna6.jpg\" width=\"900\" height=\"601\" alt=\"\" data-full-image=\"https:\/\/www.emco.mil.cl\/wp-content\/uploads\/2024\/10\/20241007SUBJEMCODEFENSANEWZELANDinterna6.jpg\" data-light-image=\"https:\/\/www.emco.mil.cl\/wp-content\/uploads\/2024\/10\/20241007SUBJEMCODEFENSANEWZELANDinterna6.jpg\" data-id=\"11724\" class=\"wp-image-11724 skip-lazy\" srcset=\"https:\/\/www.emco.mil.cl\/wp-content\/uploads\/2024\/10\/20241007SUBJEMCODEFENSANEWZELANDinterna6.jpg 900w, https:\/\/www.emco.mil.cl\/wp-content\/uploads\/2024\/10\/20241007SUBJEMCODEFENSANEWZELANDinterna6-300x200.jpg 300w, https:\/\/www.emco.mil.cl\/wp-content\/uploads\/2024\/10\/20241007SUBJEMCODEFENSANEWZELANDinterna6-768x513.jpg 768w\" sizes=\"(max-width: 900px) 100vw, 900px\" \/><\/div><\/div><\/figure><\/div><\/div><\/li><\/div><\/div><\/div><\/div>","protected":false},"excerpt":{"rendered":"<p>Entre el 01 y el 03 de octubre se llev\u00f3 a cabo la Reuni\u00f3n de Ministros de Defensa del Pac\u00edfico Sur (SPDMM) por su sigla en ingl\u00e9s \u201cSouth Pacific Defence Ministers&#8217; Meeting\u201d en Nueva Zelanda, cuyo principal objetivo fue abordar los desaf\u00edos de la Defensa con miras al 2050. A este encuentro anual, en el&#8230;<\/p>\n","protected":false},"author":5,"featured_media":11718,"comment_status":"closed","ping_status":"closed","sticky":false,"template":"","format":"standard","meta":{"_kad_post_transparent":"","_kad_post_title":"","_kad_post_layout":"","_kad_post_sidebar_id":"","_kad_post_content_style":"","_kad_post_vertical_padding":"","_kad_post_feature":"","_kad_post_feature_position":"","_kad_post_header":false,"_kad_post_footer":false,"footnotes":""},"categories":[32,3],"tags":[],"class_list":["post-11717","post","type-post","status-publish","format-standard","has-post-thumbnail","hentry","category-32","category-noticias"],"_links":{"self":[{"href":"https:\/\/www.emco.mil.cl\/index.php\/wp-json\/wp\/v2\/posts\/11717","targetHints":{"allow":["GET"]}}],"collection":[{"href":"https:\/\/www.emco.mil.cl\/index.php\/wp-json\/wp\/v2\/posts"}],"about":[{"href":"https:\/\/www.emco.mil.cl\/index.php\/wp-json\/wp\/v2\/types\/post"}],"author":[{"embeddable":true,"href":"https:\/\/www.emco.mil.cl\/index.php\/wp-json\/wp\/v2\/users\/5"}],"replies":[{"embeddable":true,"href":"https:\/\/www.emco.mil.cl\/index.php\/wp-json\/wp\/v2\/comments?post=11717"}],"version-history":[{"count":1,"href":"https:\/\/www.emco.mil.cl\/index.php\/wp-json\/wp\/v2\/posts\/11717\/revisions"}],"predecessor-version":[{"id":11725,"href":"https:\/\/www.emco.mil.cl\/index.php\/wp-json\/wp\/v2\/posts\/11717\/revisions\/11725"}],"wp:featuredmedia":[{"embeddable":true,"href":"https:\/\/www.emco.mil.cl\/index.php\/wp-json\/wp\/v2\/media\/11718"}],"wp:attachment":[{"href":"https:\/\/www.emco.mil.cl\/index.php\/wp-json\/wp\/v2\/media?parent=11717"}],"wp:term":[{"taxonomy":"category","embeddable":true,"href":"https:\/\/www.emco.mil.cl\/index.php\/wp-json\/wp\/v2\/categories?post=11717"},{"taxonomy":"post_tag","embeddable":true,"href":"https:\/\/www.emco.mil.cl\/index.php\/wp-json\/wp\/v2\/tags?post=11717"}],"curies":[{"name":"wp","href":"https:\/\/api.w.org\/{rel}","templated":true}]}}