{"id":11102,"date":"2024-05-13T16:49:40","date_gmt":"2024-05-13T20:49:40","guid":{"rendered":"https:\/\/www.emco.mil.cl\/?p=11102"},"modified":"2024-05-14T16:30:15","modified_gmt":"2024-05-14T20:30:15","slug":"con-exito-finaliza-segunda-version-de-seminario-de-educacion-doctrina-y-entrenamiento-conjunto-sedec-24","status":"publish","type":"post","link":"https:\/\/www.emco.mil.cl\/index.php\/2024\/05\/13\/con-exito-finaliza-segunda-version-de-seminario-de-educacion-doctrina-y-entrenamiento-conjunto-sedec-24\/","title":{"rendered":"Con \u00e9xito finaliza segunda versi\u00f3n de Seminario de Educaci\u00f3n, Doctrina y Entrenamiento Conjunto (\u201cSEDEC 24\u201d)"},"content":{"rendered":"\n<p>Entre el 06 y el 10 de mayo se llev\u00f3 a cabo Seminario de Educaci\u00f3n, Doctrina y Entrenamiento Conjunto (SEDEC) organizado por la Direcci\u00f3n de Educaci\u00f3n, Doctrina y Entrenamiento Conjunto (DIREDENCO) dependiente del Estado Mayor Conjunto, instancia en la que se abordaron tem\u00e1ticas propias para optimizar la funci\u00f3n de Preparaci\u00f3n de Fuerza Conjunto.<\/p>\n\n\n\n<p>La actividad cont\u00f3 con las palabras de bienvenida por parte del Jefe del Estado Mayor Conjunto Vicealmirante Pablo Niemann, del Subjefe del Estado Mayor Conjunto General de Divisi\u00f3n Lionel Curti, el Director de la Direcci\u00f3n de Educaci\u00f3n, Doctrina y Entrenamiento Coronel Francisco Arellano y la participaci\u00f3n de integrantes del EMCO y representantes de las Instituciones de la Defensa Nacional.<\/p>\n\n\n<div class=\"wp-block-image\">\n<figure class=\"aligncenter size-full\"><img fetchpriority=\"high\" decoding=\"async\" width=\"878\" height=\"327\" src=\"https:\/\/www.emco.mil.cl\/wp-content\/uploads\/2024\/05\/portada_intranet10506.jpg\" alt=\"\" class=\"wp-image-11116\" srcset=\"https:\/\/www.emco.mil.cl\/wp-content\/uploads\/2024\/05\/portada_intranet10506.jpg 878w, https:\/\/www.emco.mil.cl\/wp-content\/uploads\/2024\/05\/portada_intranet10506-300x112.jpg 300w, https:\/\/www.emco.mil.cl\/wp-content\/uploads\/2024\/05\/portada_intranet10506-768x286.jpg 768w\" sizes=\"(max-width: 878px) 100vw, 878px\" \/><\/figure>\n<\/div>\n\n\n<p>Durante una semana los participantes pudieron, a trav\u00e9s de exposiciones y trabajos grupales, crear las condiciones y conductas de entrada para materializar el entrenamiento anual y obtener un alto nivel de eficiencia y actualizaci\u00f3n de los procedimientos y con ello coadyuvar al proceso de toma de decisiones y Conducci\u00f3n Conjunta.<\/p>\n\n\n<div class=\"wp-block-image\">\n<figure class=\"aligncenter size-full\"><img decoding=\"async\" width=\"878\" height=\"327\" src=\"https:\/\/www.emco.mil.cl\/wp-content\/uploads\/2024\/05\/internaweb20506.jpg\" alt=\"\" class=\"wp-image-11119\" srcset=\"https:\/\/www.emco.mil.cl\/wp-content\/uploads\/2024\/05\/internaweb20506.jpg 878w, https:\/\/www.emco.mil.cl\/wp-content\/uploads\/2024\/05\/internaweb20506-300x112.jpg 300w, https:\/\/www.emco.mil.cl\/wp-content\/uploads\/2024\/05\/internaweb20506-768x286.jpg 768w\" sizes=\"(max-width: 878px) 100vw, 878px\" \/><\/figure>\n<\/div>\n\n\n<p>\u201c<em>Esta segunda versi\u00f3n del Seminario se desarroll\u00f3 sin novedad y contamos tambi\u00e9n con la participaci\u00f3n de distintos organismos e instituciones. Fue una instancia muy provechosa, que permiti\u00f3 generar una oportunidad para la reflexi\u00f3n, actualizaci\u00f3n y el desarrollo conjunto de las distintas \u00e1reas de inter\u00e9s para las Instituciones de la Defensa Nacional y para un adecuada Preparaci\u00f3n de Fuerza Conjunta<\/em>\u201d, se\u00f1al\u00f3 el Capit\u00e1n de Nav\u00edo (RN) Mirko Nova, Jefe Departamento de Doctrina Conjunta de la del Direcci\u00f3n de Educaci\u00f3n, Doctrina y Entrenamiento.<\/p>\n\n\n\n<p>De esta manera el Estado Mayor Conjunto se prepara para alcanzar una mayor eficiencia en el trabajo de cada puesto de mando al momento de enfrentar un entrenamiento o una emergencia conjunta.<\/p>\n\n\n\n<figure class=\"wp-block-image size-full\"><img decoding=\"async\" width=\"878\" height=\"327\" src=\"https:\/\/www.emco.mil.cl\/wp-content\/uploads\/2024\/05\/internaweb30506.jpg\" alt=\"\" class=\"wp-image-11118\" srcset=\"https:\/\/www.emco.mil.cl\/wp-content\/uploads\/2024\/05\/internaweb30506.jpg 878w, https:\/\/www.emco.mil.cl\/wp-content\/uploads\/2024\/05\/internaweb30506-300x112.jpg 300w, https:\/\/www.emco.mil.cl\/wp-content\/uploads\/2024\/05\/internaweb30506-768x286.jpg 768w\" sizes=\"(max-width: 878px) 100vw, 878px\" \/><\/figure>\n","protected":false},"excerpt":{"rendered":"<p>Entre el 06 y el 10 de mayo se llev\u00f3 a cabo Seminario de Educaci\u00f3n, Doctrina y Entrenamiento Conjunto (SEDEC) organizado por la Direcci\u00f3n de Educaci\u00f3n, Doctrina y Entrenamiento Conjunto (DIREDENCO) dependiente del Estado Mayor Conjunto, instancia en la que se abordaron tem\u00e1ticas propias para optimizar la funci\u00f3n de Preparaci\u00f3n de Fuerza Conjunto. La actividad&#8230;<\/p>\n","protected":false},"author":5,"featured_media":11114,"comment_status":"closed","ping_status":"closed","sticky":false,"template":"","format":"standard","meta":{"_kad_post_transparent":"","_kad_post_title":"","_kad_post_layout":"","_kad_post_sidebar_id":"","_kad_post_content_style":"","_kad_post_vertical_padding":"","_kad_post_feature":"","_kad_post_feature_position":"","_kad_post_header":false,"_kad_post_footer":false,"footnotes":""},"categories":[32,3],"tags":[],"class_list":["post-11102","post","type-post","status-publish","format-standard","has-post-thumbnail","hentry","category-32","category-noticias"],"_links":{"self":[{"href":"https:\/\/www.emco.mil.cl\/index.php\/wp-json\/wp\/v2\/posts\/11102","targetHints":{"allow":["GET"]}}],"collection":[{"href":"https:\/\/www.emco.mil.cl\/index.php\/wp-json\/wp\/v2\/posts"}],"about":[{"href":"https:\/\/www.emco.mil.cl\/index.php\/wp-json\/wp\/v2\/types\/post"}],"author":[{"embeddable":true,"href":"https:\/\/www.emco.mil.cl\/index.php\/wp-json\/wp\/v2\/users\/5"}],"replies":[{"embeddable":true,"href":"https:\/\/www.emco.mil.cl\/index.php\/wp-json\/wp\/v2\/comments?post=11102"}],"version-history":[{"count":3,"href":"https:\/\/www.emco.mil.cl\/index.php\/wp-json\/wp\/v2\/posts\/11102\/revisions"}],"predecessor-version":[{"id":11120,"href":"https:\/\/www.emco.mil.cl\/index.php\/wp-json\/wp\/v2\/posts\/11102\/revisions\/11120"}],"wp:featuredmedia":[{"embeddable":true,"href":"https:\/\/www.emco.mil.cl\/index.php\/wp-json\/wp\/v2\/media\/11114"}],"wp:attachment":[{"href":"https:\/\/www.emco.mil.cl\/index.php\/wp-json\/wp\/v2\/media?parent=11102"}],"wp:term":[{"taxonomy":"category","embeddable":true,"href":"https:\/\/www.emco.mil.cl\/index.php\/wp-json\/wp\/v2\/categories?post=11102"},{"taxonomy":"post_tag","embeddable":true,"href":"https:\/\/www.emco.mil.cl\/index.php\/wp-json\/wp\/v2\/tags?post=11102"}],"curies":[{"name":"wp","href":"https:\/\/api.w.org\/{rel}","templated":true}]}}