{"id":11070,"date":"2024-04-10T15:30:46","date_gmt":"2024-04-10T19:30:46","guid":{"rendered":"https:\/\/www.emco.mil.cl\/?p=11070"},"modified":"2024-04-22T15:14:03","modified_gmt":"2024-04-22T19:14:03","slug":"reunion-del-comite-de-contralores-e-inspector-general-de-las-fuerzas-armadas-y-el-estado-mayor-conjunto","status":"publish","type":"post","link":"https:\/\/www.emco.mil.cl\/index.php\/2024\/04\/10\/reunion-del-comite-de-contralores-e-inspector-general-de-las-fuerzas-armadas-y-el-estado-mayor-conjunto\/","title":{"rendered":"Reuni\u00f3n del Comit\u00e9 de Contralores e Inspector General de las Fuerzas Armadas y el Estado Mayor Conjunto"},"content":{"rendered":"\n<p>Con fecha 8 de abril, se efectu\u00f3 en dependencias del Centro Conjunto para Operaciones de Paz de Chile (CECOPAC), una nueva reuni\u00f3n del Comit\u00e9 de Contralores e Inspector General de las Fuerzas Armadas y el Estado Mayor Conjunto, presidido por la Auditora Ministerial del Ministerio de Defensa Nacional, Se\u00f1ora In\u00e9s Sanzana Castro y en las que fueron parte: el Contralor Interno del Ej\u00e9rcito General de Divisi\u00f3n Sergio Guti\u00e9rrez Sep\u00falveda, el Contralor General de la Armada Contraalmirante Ricardo Bascu\u00f1\u00e1n Zapata, el Inspector General de la Fuerza A\u00e9rea de Chile, General de Brigada (I) V\u00edctor Bahamondes C\u00e1ceres y el Contralor Interno del Estado Mayor Conjunto, General de Divisi\u00f3n (R) Rodrigo Carrasco Gonz\u00e1lez.<\/p>\n\n\n\n<p>Durante la actividad, el Director de CECOPAC, Capit\u00e1n de Nav\u00edo IM Cristian Annunziata Ruiz, efectu\u00f3 una exposici\u00f3n respecto de la misi\u00f3n y actividades que realiza la instituci\u00f3n a su cargo, con especial \u00e9nfasis en aquellos aspectos curriculares que incluyen temas de integridad en los diferentes cursos que desarrolla este Centro Conjunto, para, seguidamente, desarrollar la parte medular de la reuni\u00f3n, donde el comit\u00e9 abord\u00f3 diversas materias relacionadas al adecuado uso de los recursos fiscales como aquellas materias afines con las disposiciones de la Contralor\u00eda General de la Rep\u00fablica y el Consejo de Auditor\u00eda Interna General de Gobierno.<\/p>\n","protected":false},"excerpt":{"rendered":"<p>Con fecha 8 de abril, se efectu\u00f3 en dependencias del Centro Conjunto para Operaciones de Paz de Chile (CECOPAC), una nueva reuni\u00f3n del Comit\u00e9 de Contralores e Inspector General de las Fuerzas Armadas y el Estado Mayor Conjunto, presidido por la Auditora Ministerial del Ministerio de Defensa Nacional, Se\u00f1ora In\u00e9s Sanzana Castro y en las&#8230;<\/p>\n","protected":false},"author":5,"featured_media":11071,"comment_status":"closed","ping_status":"closed","sticky":false,"template":"","format":"standard","meta":{"_kad_post_transparent":"","_kad_post_title":"","_kad_post_layout":"","_kad_post_sidebar_id":"","_kad_post_content_style":"","_kad_post_vertical_padding":"","_kad_post_feature":"","_kad_post_feature_position":"","_kad_post_header":false,"_kad_post_footer":false,"footnotes":""},"categories":[32,3],"tags":[],"class_list":["post-11070","post","type-post","status-publish","format-standard","has-post-thumbnail","hentry","category-32","category-noticias"],"_links":{"self":[{"href":"https:\/\/www.emco.mil.cl\/index.php\/wp-json\/wp\/v2\/posts\/11070","targetHints":{"allow":["GET"]}}],"collection":[{"href":"https:\/\/www.emco.mil.cl\/index.php\/wp-json\/wp\/v2\/posts"}],"about":[{"href":"https:\/\/www.emco.mil.cl\/index.php\/wp-json\/wp\/v2\/types\/post"}],"author":[{"embeddable":true,"href":"https:\/\/www.emco.mil.cl\/index.php\/wp-json\/wp\/v2\/users\/5"}],"replies":[{"embeddable":true,"href":"https:\/\/www.emco.mil.cl\/index.php\/wp-json\/wp\/v2\/comments?post=11070"}],"version-history":[{"count":1,"href":"https:\/\/www.emco.mil.cl\/index.php\/wp-json\/wp\/v2\/posts\/11070\/revisions"}],"predecessor-version":[{"id":11072,"href":"https:\/\/www.emco.mil.cl\/index.php\/wp-json\/wp\/v2\/posts\/11070\/revisions\/11072"}],"wp:featuredmedia":[{"embeddable":true,"href":"https:\/\/www.emco.mil.cl\/index.php\/wp-json\/wp\/v2\/media\/11071"}],"wp:attachment":[{"href":"https:\/\/www.emco.mil.cl\/index.php\/wp-json\/wp\/v2\/media?parent=11070"}],"wp:term":[{"taxonomy":"category","embeddable":true,"href":"https:\/\/www.emco.mil.cl\/index.php\/wp-json\/wp\/v2\/categories?post=11070"},{"taxonomy":"post_tag","embeddable":true,"href":"https:\/\/www.emco.mil.cl\/index.php\/wp-json\/wp\/v2\/tags?post=11070"}],"curies":[{"name":"wp","href":"https:\/\/api.w.org\/{rel}","templated":true}]}}