{"id":11007,"date":"2024-03-20T15:26:00","date_gmt":"2024-03-20T18:26:00","guid":{"rendered":"https:\/\/www.emco.mil.cl\/?p=11007"},"modified":"2024-04-22T15:17:56","modified_gmt":"2024-04-22T19:17:56","slug":"ceremonia-interna-de-conmemoracion-del-94-aniversario-de-la-creacion-de-la-fuerza-aerea-de-chile","status":"publish","type":"post","link":"https:\/\/www.emco.mil.cl\/index.php\/2024\/03\/20\/ceremonia-interna-de-conmemoracion-del-94-aniversario-de-la-creacion-de-la-fuerza-aerea-de-chile\/","title":{"rendered":"Ceremonia interna de conmemoraci\u00f3n del 94\u00b0 aniversario de la creaci\u00f3n de la Fuerza A\u00e9rea de Chile"},"content":{"rendered":"\n<p>La ma\u00f1ana de este 19 de marzo se realiz\u00f3 la ceremonia interna en conmemoraci\u00f3n a los 94 a\u00f1os de de la creaci\u00f3n de la Fuerza A\u00e9rea de Chile precedida por el Jefe del Estado Mayor Conjunto, Vicealmirante Pablo Niemann Figari.<\/p>\n\n\n\n<figure class=\"wp-block-gallery has-nested-images columns-default is-cropped wp-block-gallery-1 is-layout-flex wp-block-gallery-is-layout-flex\">\n<figure class=\"wp-block-image size-large\"><img fetchpriority=\"high\" decoding=\"async\" width=\"900\" height=\"600\" data-id=\"11012\" src=\"https:\/\/www.emco.mil.cl\/wp-content\/uploads\/2024\/03\/DSC_9128.jpg\" alt=\"\" class=\"wp-image-11012\" srcset=\"https:\/\/www.emco.mil.cl\/wp-content\/uploads\/2024\/03\/DSC_9128.jpg 900w, https:\/\/www.emco.mil.cl\/wp-content\/uploads\/2024\/03\/DSC_9128-300x200.jpg 300w, https:\/\/www.emco.mil.cl\/wp-content\/uploads\/2024\/03\/DSC_9128-768x512.jpg 768w\" sizes=\"(max-width: 900px) 100vw, 900px\" \/><\/figure>\n\n\n\n<figure class=\"wp-block-image size-large\"><img decoding=\"async\" width=\"900\" height=\"600\" data-id=\"11011\" src=\"https:\/\/www.emco.mil.cl\/wp-content\/uploads\/2024\/03\/DSC_9129.jpg\" alt=\"\" class=\"wp-image-11011\" srcset=\"https:\/\/www.emco.mil.cl\/wp-content\/uploads\/2024\/03\/DSC_9129.jpg 900w, https:\/\/www.emco.mil.cl\/wp-content\/uploads\/2024\/03\/DSC_9129-300x200.jpg 300w, https:\/\/www.emco.mil.cl\/wp-content\/uploads\/2024\/03\/DSC_9129-768x512.jpg 768w\" sizes=\"(max-width: 900px) 100vw, 900px\" \/><\/figure>\n<\/figure>\n\n\n\n<p>La ceremonia, que comenz\u00f3 con los honores al Jefe del Estado Mayor Conjunto, cont\u00f3 con una alocuci\u00f3n conmemorativa al nonag\u00e9simo cuarto aniversario de la Fuerza A\u00e9rea de Chile, a cargo del Coronel de Aviaci\u00f3n (A) Iv\u00e1n Anfossi D\u00edaz, quien expres\u00f3:\u00a0 La decisi\u00f3n asumida 21 de marzo de 1930, por el entonces presidente de la Rep\u00fablica, don Carlos Ib\u00e1\u00f1ez del Campo, respecto de integrar en una sola instituci\u00f3n los servicios de la aviaci\u00f3n militar y naval represent\u00f3 un paso decisivo en el desarrollo del poder a\u00e9reo independiente para nuestra patria; as\u00ed tambi\u00e9n, se refiri\u00f3 a las palabras expresadas por el fundador de la Fuerza A\u00e9rea y primer Comandante en Jefe, Comodoro Arturo Merino Ben\u00edtez: \u201clos se\u00f1ores oficiales y personal que se honran con pertenecer a la aviaci\u00f3n nacional, deben considerar detenidamente el compromiso de honor que desde hoy les obliga\u201d, reflexionando sobre los valores y virtudes de los integrantes Fuerza A\u00e9rea, la que ha sido llevada fielmente a trav\u00e9s del tiempo en tanto constituye una cualidad que distingue a los hombres de armas, resaltando m\u00e1s tarde que nuestro pa\u00eds fue uno de los primeros en reconocer la importancia de un poder a\u00e9reo que cumpliera misiones en la defensa, pero tambi\u00e9n en el desarrollo y progreso de la naci\u00f3n, iniciativa que transformaron la cruzada de la aviaci\u00f3n en Chile en una causa y una visi\u00f3n de toda la naci\u00f3n, afirmando que los fundadores y propulsores fueron hombres que inundaron con su esp\u00edritu la historia aeron\u00e1utica nacional, siendo capaces de conquistar el aire y el espacio para servir a Chile, sosteniendo hasta hoy la mandata de la permanente vigilancia, protecci\u00f3n, defensa y control del territorio a\u00e9reo y la superior e ineludible tarea de acudir en ayuda de las personas en momentos de emergencia y cat\u00e1strofe.\u00a0 Consignando, para finalizar, las demandas nacionales y aspectos m\u00e1s relevantes de lo que ha significado la senda de los 94 a\u00f1os de la Fuerza A\u00e9rea de Chile.<\/p>\n\n\n\n<figure class=\"wp-block-gallery has-nested-images columns-default is-cropped wp-block-gallery-2 is-layout-flex wp-block-gallery-is-layout-flex\">\n<figure class=\"wp-block-image size-large\"><img decoding=\"async\" width=\"900\" height=\"600\" data-id=\"11013\" src=\"https:\/\/www.emco.mil.cl\/wp-content\/uploads\/2024\/03\/DSC_9139.jpg\" alt=\"\" class=\"wp-image-11013\" srcset=\"https:\/\/www.emco.mil.cl\/wp-content\/uploads\/2024\/03\/DSC_9139.jpg 900w, https:\/\/www.emco.mil.cl\/wp-content\/uploads\/2024\/03\/DSC_9139-300x200.jpg 300w, https:\/\/www.emco.mil.cl\/wp-content\/uploads\/2024\/03\/DSC_9139-768x512.jpg 768w\" sizes=\"(max-width: 900px) 100vw, 900px\" \/><\/figure>\n\n\n\n<figure class=\"wp-block-image size-large\"><img loading=\"lazy\" decoding=\"async\" width=\"900\" height=\"600\" data-id=\"11014\" src=\"https:\/\/www.emco.mil.cl\/wp-content\/uploads\/2024\/03\/DSC_9149.jpg\" alt=\"\" class=\"wp-image-11014\" srcset=\"https:\/\/www.emco.mil.cl\/wp-content\/uploads\/2024\/03\/DSC_9149.jpg 900w, https:\/\/www.emco.mil.cl\/wp-content\/uploads\/2024\/03\/DSC_9149-300x200.jpg 300w, https:\/\/www.emco.mil.cl\/wp-content\/uploads\/2024\/03\/DSC_9149-768x512.jpg 768w\" sizes=\"(max-width: 900px) 100vw, 900px\" \/><\/figure>\n<\/figure>\n\n\n\n<p>Luego, se desarroll\u00f3 la entrega de condecoraciones en reconocimiento al personal que ha cumplido a\u00f1os de servicio en la instituci\u00f3n, siento \u00e9stas:<\/p>\n\n\n\n<ul class=\"wp-block-list\">\n<li>Condecoraci\u00f3n \u201cEstrella Militar\u201d por 10 a\u00f1os de servicio al Teniente Diego Cort\u00e9s Contreras<\/li>\n\n\n\n<li>Condecoraci\u00f3n \u201cAl m\u00e9rito militar\u201d por 20 a\u00f1os de servicio al Sargento Segundo Juan N\u00fa\u00f1ez Valenzuela<\/li>\n<\/ul>\n\n\n\n<figure class=\"wp-block-gallery has-nested-images columns-default is-cropped wp-block-gallery-3 is-layout-flex wp-block-gallery-is-layout-flex\">\n<figure class=\"wp-block-image size-large\"><img loading=\"lazy\" decoding=\"async\" width=\"900\" height=\"600\" data-id=\"11016\" src=\"https:\/\/www.emco.mil.cl\/wp-content\/uploads\/2024\/03\/DSC_9157.jpg\" alt=\"\" class=\"wp-image-11016\" srcset=\"https:\/\/www.emco.mil.cl\/wp-content\/uploads\/2024\/03\/DSC_9157.jpg 900w, https:\/\/www.emco.mil.cl\/wp-content\/uploads\/2024\/03\/DSC_9157-300x200.jpg 300w, https:\/\/www.emco.mil.cl\/wp-content\/uploads\/2024\/03\/DSC_9157-768x512.jpg 768w\" sizes=\"(max-width: 900px) 100vw, 900px\" \/><\/figure>\n\n\n\n<figure class=\"wp-block-image size-large\"><img loading=\"lazy\" decoding=\"async\" width=\"900\" height=\"600\" data-id=\"11015\" src=\"https:\/\/www.emco.mil.cl\/wp-content\/uploads\/2024\/03\/DSC_9168.jpg\" alt=\"\" class=\"wp-image-11015\" srcset=\"https:\/\/www.emco.mil.cl\/wp-content\/uploads\/2024\/03\/DSC_9168.jpg 900w, https:\/\/www.emco.mil.cl\/wp-content\/uploads\/2024\/03\/DSC_9168-300x200.jpg 300w, https:\/\/www.emco.mil.cl\/wp-content\/uploads\/2024\/03\/DSC_9168-768x512.jpg 768w\" sizes=\"(max-width: 900px) 100vw, 900px\" \/><\/figure>\n<\/figure>\n\n\n\n<p>Posteriormente hizo uso de la palabra el Vicealmirante Pablo Niemann Figari, quien felicit\u00f3 al personal reconocido por los a\u00f1os de servicio en la instituci\u00f3n dando cuenta del trabajo y profesionalismo en lo desempe\u00f1ado y reconociendo el apoyo de la familia, la que constituye un aliciente y sentido prop\u00f3sito de trabajo.\u00a0 A continuaci\u00f3n se refiri\u00f3 al contexto de lo que se celebra, \u00a0por medio de una mirada conjunta, celebrando a \u201clos camaradas\u201d en sus 94 a\u00f1os de vida: \u201cla instituci\u00f3n m\u00e1s joven desde la perspectiva de la defensa, con una mirada conjunta\u2026 sin embargo, esa juventud tambi\u00e9n da cuenta de la modernidad y de la innovaci\u00f3n, desarrollo tecnol\u00f3gico y la mirada siempre vanguardista que ha tenido nuestra Fuerza A\u00e9rea desde sus inicios en 1930; ese esp\u00edritu, sin duda, tambi\u00e9n iluminado por los valores institucionales de honor, lealtad, cumplimiento del deber y excelencia en el servicio, iluminan el trabajo diario de quienes aportan con la componente a\u00e9rea en nuestra a responsabilidad conjunta\u201d, reconociendo que si bien la crisis y la guerra no la resuelve una instituci\u00f3n per se, el trabajo conjunto, integrado y sincronizado desde la planificaci\u00f3n hasta la ejecuci\u00f3n en las actividades, s\u00ed dan cuenta de \u00e9xito, expresando as\u00ed su orgullo por la Fuerza A\u00e9rea, y tomando el desaf\u00edo de conducirla a la altura de lo que se requiere en el Estado Mayor Conjunto.<\/p>\n\n\n\n<figure class=\"wp-block-gallery has-nested-images columns-default is-cropped wp-block-gallery-4 is-layout-flex wp-block-gallery-is-layout-flex\">\n<figure class=\"wp-block-image size-large\"><img loading=\"lazy\" decoding=\"async\" width=\"900\" height=\"600\" data-id=\"11018\" src=\"https:\/\/www.emco.mil.cl\/wp-content\/uploads\/2024\/03\/DSC_9184.jpg\" alt=\"\" class=\"wp-image-11018\" srcset=\"https:\/\/www.emco.mil.cl\/wp-content\/uploads\/2024\/03\/DSC_9184.jpg 900w, https:\/\/www.emco.mil.cl\/wp-content\/uploads\/2024\/03\/DSC_9184-300x200.jpg 300w, https:\/\/www.emco.mil.cl\/wp-content\/uploads\/2024\/03\/DSC_9184-768x512.jpg 768w\" sizes=\"(max-width: 900px) 100vw, 900px\" \/><\/figure>\n\n\n\n<figure class=\"wp-block-image size-large\"><img loading=\"lazy\" decoding=\"async\" width=\"900\" height=\"600\" data-id=\"11017\" src=\"https:\/\/www.emco.mil.cl\/wp-content\/uploads\/2024\/03\/DSC_9179.jpg\" alt=\"\" class=\"wp-image-11017\" srcset=\"https:\/\/www.emco.mil.cl\/wp-content\/uploads\/2024\/03\/DSC_9179.jpg 900w, https:\/\/www.emco.mil.cl\/wp-content\/uploads\/2024\/03\/DSC_9179-300x200.jpg 300w, https:\/\/www.emco.mil.cl\/wp-content\/uploads\/2024\/03\/DSC_9179-768x512.jpg 768w\" sizes=\"(max-width: 900px) 100vw, 900px\" \/><\/figure>\n<\/figure>\n\n\n\n<p>Concluyendo la ceremonia se enton\u00f3 el himno de la Fuerza A\u00e9rea de Chile, rindi\u00e9ndose los honores al Jefe del Estado Mayor Conjunto para dar t\u00e9rmino a la misma.<\/p>\n","protected":false},"excerpt":{"rendered":"<p>La ma\u00f1ana de este 19 de marzo se realiz\u00f3 la ceremonia interna en conmemoraci\u00f3n a los 94 a\u00f1os de de la creaci\u00f3n de la Fuerza A\u00e9rea de Chile precedida por el Jefe del Estado Mayor Conjunto, Vicealmirante Pablo Niemann Figari. La ceremonia, que comenz\u00f3 con los honores al Jefe del Estado Mayor Conjunto, cont\u00f3 con&#8230;<\/p>\n","protected":false},"author":5,"featured_media":11019,"comment_status":"closed","ping_status":"closed","sticky":false,"template":"","format":"standard","meta":{"_kad_post_transparent":"","_kad_post_title":"","_kad_post_layout":"","_kad_post_sidebar_id":"","_kad_post_content_style":"","_kad_post_vertical_padding":"","_kad_post_feature":"","_kad_post_feature_position":"","_kad_post_header":false,"_kad_post_footer":false,"footnotes":""},"categories":[32,3],"tags":[],"class_list":["post-11007","post","type-post","status-publish","format-standard","has-post-thumbnail","hentry","category-32","category-noticias"],"_links":{"self":[{"href":"https:\/\/www.emco.mil.cl\/index.php\/wp-json\/wp\/v2\/posts\/11007","targetHints":{"allow":["GET"]}}],"collection":[{"href":"https:\/\/www.emco.mil.cl\/index.php\/wp-json\/wp\/v2\/posts"}],"about":[{"href":"https:\/\/www.emco.mil.cl\/index.php\/wp-json\/wp\/v2\/types\/post"}],"author":[{"embeddable":true,"href":"https:\/\/www.emco.mil.cl\/index.php\/wp-json\/wp\/v2\/users\/5"}],"replies":[{"embeddable":true,"href":"https:\/\/www.emco.mil.cl\/index.php\/wp-json\/wp\/v2\/comments?post=11007"}],"version-history":[{"count":2,"href":"https:\/\/www.emco.mil.cl\/index.php\/wp-json\/wp\/v2\/posts\/11007\/revisions"}],"predecessor-version":[{"id":11022,"href":"https:\/\/www.emco.mil.cl\/index.php\/wp-json\/wp\/v2\/posts\/11007\/revisions\/11022"}],"wp:featuredmedia":[{"embeddable":true,"href":"https:\/\/www.emco.mil.cl\/index.php\/wp-json\/wp\/v2\/media\/11019"}],"wp:attachment":[{"href":"https:\/\/www.emco.mil.cl\/index.php\/wp-json\/wp\/v2\/media?parent=11007"}],"wp:term":[{"taxonomy":"category","embeddable":true,"href":"https:\/\/www.emco.mil.cl\/index.php\/wp-json\/wp\/v2\/categories?post=11007"},{"taxonomy":"post_tag","embeddable":true,"href":"https:\/\/www.emco.mil.cl\/index.php\/wp-json\/wp\/v2\/tags?post=11007"}],"curies":[{"name":"wp","href":"https:\/\/api.w.org\/{rel}","templated":true}]}}