{"id":10776,"date":"2023-12-22T16:24:07","date_gmt":"2023-12-22T19:24:07","guid":{"rendered":"https:\/\/www.emco.mil.cl\/?p=10776"},"modified":"2023-12-28T12:23:34","modified_gmt":"2023-12-28T15:23:34","slug":"10776","status":"publish","type":"post","link":"https:\/\/www.emco.mil.cl\/index.php\/2023\/12\/22\/10776\/","title":{"rendered":"Presentaci\u00f3n de los Agregados de Defensa de Chile en India, en Francia y Espa\u00f1a"},"content":{"rendered":"\t\t<div data-elementor-type=\"wp-post\" data-elementor-id=\"10776\" class=\"elementor elementor-10776\">\n\t\t\t\t\t\t<section class=\"elementor-section elementor-top-section elementor-element elementor-element-2184f13 elementor-section-boxed elementor-section-height-default elementor-section-height-default\" data-id=\"2184f13\" data-element_type=\"section\">\n\t\t\t\t\t\t<div class=\"elementor-container elementor-column-gap-default\">\n\t\t\t\t\t<div class=\"elementor-column elementor-col-100 elementor-top-column elementor-element elementor-element-7b7d99e5\" data-id=\"7b7d99e5\" data-element_type=\"column\">\n\t\t\t<div class=\"elementor-widget-wrap elementor-element-populated\">\n\t\t\t\t\t\t<div class=\"elementor-element elementor-element-3485b97b elementor-widget elementor-widget-text-editor\" data-id=\"3485b97b\" data-element_type=\"widget\" data-widget_type=\"text-editor.default\">\n\t\t\t\t<div class=\"elementor-widget-container\">\n\t\t\t\t\t\t\t\t\t\n<p>Durante la ma\u00f1ana de este viernes 1 de diciembre, el Jefe del Estado Mayor Conjunto, Vicealmirante Pablo Niemann Figari, recibi\u00f3 a los Agregados de Defensa de Chile (AGREDEF) que cumplir\u00e1n misiones en India, Francia y Espa\u00f1a.<\/p>\n\n\n\n<p>Los representantes chilenos del Ej\u00e9rcito, fueron acompa\u00f1ados por el Jefe Subrogante del Departamento de Asuntos Internacionales, Capit\u00e1n de Nav\u00edo Rodrigo Graff Araneda, quien realiz\u00f3 la presentaci\u00f3n protocolar de los Agregados de Defensa ante el Jefe del Estado Mayor Conjunto, de quien recibieron orientaciones y direccionamiento en el desempe\u00f1o de sus respectivas comisiones de servicio.<\/p>\n\n\n\n<p>El Coronel Leonardo Palma Gonz\u00e1lez, AGREDEF entrante en India, Coronel Nicol\u00e1s D\u00edaz B\u00f3rquez, AGREDEF entrante en Francia, y el Coronel Rodrigo Rojas Mart\u00ednez, AGREDEF entrante en Espa\u00f1a, tambi\u00e9n tuvieron un briefing en el Departamento de Asuntos Internacionales con el fin de obtener la informaci\u00f3n espec\u00edfica relativa a cada pa\u00eds asignado debido a que esta unidad es su canal principal de comunicaci\u00f3n en la medida de su dependencia administrativa, como Agregados de Defensa de Chile, con el Estado Mayor Conjunto.<\/p>\n\n\n\t\t\t\t\t\t\t\t<\/div>\n\t\t\t\t<\/div>\n\t\t\t\t\t<\/div>\n\t\t<\/div>\n\t\t\t\t\t<\/div>\n\t\t<\/section>\n\t\t\t\t<\/div>\n\t\t","protected":false},"excerpt":{"rendered":"<p>Durante la ma\u00f1ana de este viernes 1 de diciembre, el Jefe del Estado Mayor Conjunto, Vicealmirante Pablo Niemann Figari, recibi\u00f3 a los Agregados de Defensa de Chile (AGREDEF) que cumplir\u00e1n misiones en India, Francia y Espa\u00f1a. Los representantes chilenos del Ej\u00e9rcito, fueron acompa\u00f1ados por el Jefe Subrogante del Departamento de Asuntos Internacionales, Capit\u00e1n de Nav\u00edo&#8230;<\/p>\n","protected":false},"author":5,"featured_media":10813,"comment_status":"closed","ping_status":"closed","sticky":false,"template":"","format":"standard","meta":{"_kad_post_transparent":"","_kad_post_title":"","_kad_post_layout":"","_kad_post_sidebar_id":"","_kad_post_content_style":"","_kad_post_vertical_padding":"","_kad_post_feature":"","_kad_post_feature_position":"","_kad_post_header":false,"_kad_post_footer":false,"footnotes":""},"categories":[31,3],"tags":[],"class_list":["post-10776","post","type-post","status-publish","format-standard","has-post-thumbnail","hentry","category-31","category-noticias"],"_links":{"self":[{"href":"https:\/\/www.emco.mil.cl\/index.php\/wp-json\/wp\/v2\/posts\/10776","targetHints":{"allow":["GET"]}}],"collection":[{"href":"https:\/\/www.emco.mil.cl\/index.php\/wp-json\/wp\/v2\/posts"}],"about":[{"href":"https:\/\/www.emco.mil.cl\/index.php\/wp-json\/wp\/v2\/types\/post"}],"author":[{"embeddable":true,"href":"https:\/\/www.emco.mil.cl\/index.php\/wp-json\/wp\/v2\/users\/5"}],"replies":[{"embeddable":true,"href":"https:\/\/www.emco.mil.cl\/index.php\/wp-json\/wp\/v2\/comments?post=10776"}],"version-history":[{"count":9,"href":"https:\/\/www.emco.mil.cl\/index.php\/wp-json\/wp\/v2\/posts\/10776\/revisions"}],"predecessor-version":[{"id":10828,"href":"https:\/\/www.emco.mil.cl\/index.php\/wp-json\/wp\/v2\/posts\/10776\/revisions\/10828"}],"wp:featuredmedia":[{"embeddable":true,"href":"https:\/\/www.emco.mil.cl\/index.php\/wp-json\/wp\/v2\/media\/10813"}],"wp:attachment":[{"href":"https:\/\/www.emco.mil.cl\/index.php\/wp-json\/wp\/v2\/media?parent=10776"}],"wp:term":[{"taxonomy":"category","embeddable":true,"href":"https:\/\/www.emco.mil.cl\/index.php\/wp-json\/wp\/v2\/categories?post=10776"},{"taxonomy":"post_tag","embeddable":true,"href":"https:\/\/www.emco.mil.cl\/index.php\/wp-json\/wp\/v2\/tags?post=10776"}],"curies":[{"name":"wp","href":"https:\/\/api.w.org\/{rel}","templated":true}]}}